{"id":2678,"date":"2026-03-07T15:51:00","date_gmt":"2026-03-07T15:51:00","guid":{"rendered":"https:\/\/www.gruenerzweig-nw.ch\/neu\/?p=2678"},"modified":"2026-04-07T15:56:12","modified_gmt":"2026-04-07T15:56:12","slug":"maerz-2026","status":"publish","type":"post","link":"https:\/\/www.gruenerzweig-nw.ch\/neu\/2026\/03\/07\/maerz-2026\/","title":{"rendered":"M\u00e4rz 2026"},"content":{"rendered":"\n<p class=\"has-large-font-size\"><strong>Vitale Kost, ist erntebereit. <\/strong><\/p>\n\n\n\n<p class=\"has-medium-font-size\">Huflattich und Schwarzdorn sind schon verbl\u00fcht. In den Wiesen bl\u00fchen Schl\u00fcsselblumen, Wiesenschaumkraut und L\u00f6wenzahn.<\/p>\n\n\n\n<p class=\"has-medium-font-size\">Greift zu! Unser Buffet hat noch vieles zu bieten. Viele der Dauergem\u00fcse und Winterkulturen (N\u00fcsslisalat und Lauch) haben die frostige Zeit gut \u00fcberstanden und haben mit dem st\u00e4rker eintreffendem Sonnenlicht und W\u00e4rme schon wieder viel Energie getankt. Bald d\u00fcrfen wir die 5 neuen Obstb\u00e4ume auf unserem Areal begr\u00fcssen. Die BioBaumschule Glauser liefert uns<br>Zwetschge Fellenberg, Mirabelle de Nancy, Pflaume Damacine, Kirsche Mechant, blaue Maulbeere. Ihr seit herzlich eingeladen mitzuwirken.<br><strong>Mo 2. M\u00e4rz<\/strong> ab 10 Uhr die letzten Pflanzl\u00f6cher f\u00fcr die Hochstammb\u00e4ume ausheben, Pflanzung vorbereiten.<br><strong>Di 3. M\u00e4rz<\/strong> ab 10 Uhr pflanzen wir gemeinsame die neuen Obstb\u00e4ume.<br>Zur Finanzierung der Obstb\u00e4ume und dem n\u00f6tigem Zubeh\u00f6r kann immer noch gespendet werden ( &#8211; ; Dazu findet ihr alle Infos auf dem sch\u00f6nen Flyer &#8212;> gerne weiter geben<\/p>\n\n\n\n<p class=\"has-large-font-size\"><strong>Ernten<\/strong><\/p>\n\n\n\n<p>(den ganzen Winter, in frostfreier Zeit) im A: N\u00fcsslisalat, Winterspinat, Lauch, Lauchzwiebeln,<br>Etagenknoblauch; im B4 Chinakohl; in vielen Reihen div. Blattkohl; im C 1+2 N\u00fcsslisalat<\/p>\n\n\n\n<p class=\"has-large-font-size\"><strong>Arbeiten<\/strong><\/p>\n\n\n\n<p><strong>Weitere und detailliertere Infos werden auch am K\u00fchlschrank im Schopf kommuniziert!<\/strong><\/p>\n\n\n\n<ul class=\"wp-block-list\">\n<li>Beeteinfassungen optimieren, zB. Wurzelsperre um die Himbeeren vergraben.<\/li>\n\n\n\n<li>Die Benjeshecke s\u00fcd mit neuen Pf\u00e4hlen st\u00fctzen. (Pf\u00e4hle vor Ort)<\/li>\n\n\n\n<li>Trotz Frost haben einige Schnecken \u00fcberlebt, Winterernte ( &#8211; ;<\/li>\n<\/ul>\n\n\n\n<p class=\"has-large-font-size\"><strong>Infrastrukturarbeiten<\/strong><\/p>\n\n\n\n<ul class=\"wp-block-list\">\n<li>Die Benjeshecke oben am Zaun mit neuen Pf\u00e4hlen st\u00fctzen. (Pf\u00e4hle liegen schon da)\n<ul class=\"wp-block-list\">\n<li>-&gt;Anmerkung Humusaufbau Alle offenen Fl\u00e4chen(ausser da wo grad anges\u00e4t wurde) wieder mit Mulch decken.<\/li>\n<\/ul>\n<\/li>\n\n\n\n<li>Einige Schnecken haben \u00fcberlebt. Diese fr\u00fche Population einsammeln, so werden sich weniger vermehren( &#8211; ;<\/li>\n<\/ul>\n\n\n\n<p class=\"has-large-font-size\"><strong>Primus-Samstag Ausblicke<\/strong><\/p>\n\n\n\n<p class=\"has-medium-font-size\"><strong>7. M\u00e4rz<\/strong> ab 13.30 an der Steinmauer der Kr\u00e4uterspirale weiter bauen. Projektleitung Joanne und Esther<br><strong>4. April 9 Uhr<\/strong> gemeinsam Kr\u00e4uter sammeln, damit Ostereier verzieren und f\u00e4rben. Mit Barbara<br><strong>2. Mai 9.30<\/strong> <strong>Uhr <\/strong>in die Welt der K\u00e4fer eintauchen. Wissensvermittlerin Kerstin<br>6. Juni ? , 4.Juli ? , 1. August ? , W\u00e4re da ein passendes Datum f\u00fcr deinen Imput? (bei Cornelia melden)<\/p>\n\n\n\n<p class=\"has-large-font-size\"><strong>Wichtige Daten<\/strong><\/p>\n\n\n\n<p><strong>Dienstag, 3. April<\/strong><br><strong>Ort:<\/strong> aTeam Treffen in der Jurte<br><strong>Anlass:<\/strong> gemeinsame Vision f\u00fcr 2026 und weiteres Wirken planen.<\/p>\n\n\n\n<p>Di 3. M\u00e4rz aTeam Treffen: gemeinsame Vision f\u00fcr 2026 und weiteres Wirken planen.<br>Sa 28. M\u00e4rz 15 Uhr GV Verein Gr\u00fcner Zweig Eure Antr\u00e4ge bis 20.M\u00e4rz Peter melden<\/p>\n\n\n\n<p class=\"has-large-font-size\"><strong>Weitere Infos<\/strong><\/p>\n\n\n\n<ol start=\"3\" class=\"wp-block-list\">\n<li>bis 29. M\u00e4rz F\u00fcr unser ProjektVideo (F\u00f6rderpreis BLKB) werben und abstimmen!<br>Dana hat ein kurzes Video \u00fcber unser Projekt zusammenstellen, jetzt ist es an jeder von uns, dieses bei so<br>vielen Menschen wie m\u00f6glich publik zu machen, denn das Publikum entscheidet! Das heisst wir sind auf jede<br>Stimme angewiesen &#8212;> Infos mit Freunde\/Verwandte\/ auf Socialmedia teilen.<br>Mi 22.April Siegerprojekt f\u00fcr den F\u00f6rderpreis wird von der BLKantonalBank bekannt gegeben.<\/li>\n<\/ol>\n\n\n\n<p>Freudiges Fr\u00fchlingserwachen w\u00fcnschen Cornelia, Barbara, Evelyn und Peter vom Vorstand.<\/p>\n","protected":false},"excerpt":{"rendered":"<p>Vitale Kost, ist erntebereit. Huflattich und Schwarzdorn sind schon verbl\u00fcht. In den Wiesen bl\u00fchen Schl\u00fcsselblumen, Wiesenschaumkraut und L\u00f6wenzahn. Greift zu! Unser Buffet hat noch vieles zu bieten. Viele der Dauergem\u00fcse&hellip;<\/p>\n","protected":false},"author":1,"featured_media":2671,"comment_status":"open","ping_status":"open","sticky":false,"template":"","format":"standard","meta":{"_siteseo_robots_primary_cat":"35","pagelayer_contact_templates":[],"_pagelayer_content":"","_price":"","_stock":"","_tribe_ticket_header":"","_tribe_default_ticket_provider":"","_tribe_ticket_capacity":"0","_ticket_start_date":"","_ticket_end_date":"","_tribe_ticket_show_description":"","_tribe_ticket_show_not_going":false,"_tribe_ticket_use_global_stock":"","_tribe_ticket_global_stock_level":"","_global_stock_mode":"","_global_stock_cap":"","_tribe_rsvp_for_event":"","_tribe_ticket_going_count":"","_tribe_ticket_not_going_count":"","_tribe_tickets_list":"[]","_tribe_ticket_has_attendee_info_fields":false,"footnotes":""},"categories":[35],"tags":[],"class_list":["post-2678","post","type-post","status-publish","format-standard","has-post-thumbnail","hentry","category-monats-info-blatt"],"_links":{"self":[{"href":"https:\/\/www.gruenerzweig-nw.ch\/neu\/wp-json\/wp\/v2\/posts\/2678","targetHints":{"allow":["GET"]}}],"collection":[{"href":"https:\/\/www.gruenerzweig-nw.ch\/neu\/wp-json\/wp\/v2\/posts"}],"about":[{"href":"https:\/\/www.gruenerzweig-nw.ch\/neu\/wp-json\/wp\/v2\/types\/post"}],"author":[{"embeddable":true,"href":"https:\/\/www.gruenerzweig-nw.ch\/neu\/wp-json\/wp\/v2\/users\/1"}],"replies":[{"embeddable":true,"href":"https:\/\/www.gruenerzweig-nw.ch\/neu\/wp-json\/wp\/v2\/comments?post=2678"}],"version-history":[{"count":1,"href":"https:\/\/www.gruenerzweig-nw.ch\/neu\/wp-json\/wp\/v2\/posts\/2678\/revisions"}],"predecessor-version":[{"id":2679,"href":"https:\/\/www.gruenerzweig-nw.ch\/neu\/wp-json\/wp\/v2\/posts\/2678\/revisions\/2679"}],"wp:featuredmedia":[{"embeddable":true,"href":"https:\/\/www.gruenerzweig-nw.ch\/neu\/wp-json\/wp\/v2\/media\/2671"}],"wp:attachment":[{"href":"https:\/\/www.gruenerzweig-nw.ch\/neu\/wp-json\/wp\/v2\/media?parent=2678"}],"wp:term":[{"taxonomy":"category","embeddable":true,"href":"https:\/\/www.gruenerzweig-nw.ch\/neu\/wp-json\/wp\/v2\/categories?post=2678"},{"taxonomy":"post_tag","embeddable":true,"href":"https:\/\/www.gruenerzweig-nw.ch\/neu\/wp-json\/wp\/v2\/tags?post=2678"}],"curies":[{"name":"wp","href":"https:\/\/api.w.org\/{rel}","templated":true}]}}