{"id":2669,"date":"2026-04-07T15:49:15","date_gmt":"2026-04-07T15:49:15","guid":{"rendered":"https:\/\/www.gruenerzweig-nw.ch\/neu\/?p=2669"},"modified":"2026-04-07T15:50:43","modified_gmt":"2026-04-07T15:50:43","slug":"april-2026","status":"publish","type":"post","link":"https:\/\/www.gruenerzweig-nw.ch\/neu\/2026\/04\/07\/april-2026\/","title":{"rendered":"April 2026"},"content":{"rendered":"\n<p class=\"has-large-font-size\"><strong>Die K\u00fcchenschellen <strong>l\u00e4uten<\/strong><\/strong> jetzt <strong>den Fr\u00fchling ein. <\/strong><\/p>\n\n\n\n<p class=\"has-medium-font-size\">Huflattich und Schwarzdorn sind schon verbl\u00fcht. In den Wiesen bl\u00fchen Schl\u00fcsselblumen, Wiesenschaumkraut und L\u00f6wenzahn.<\/p>\n\n\n\n<p class=\"has-medium-font-size\">Dank der vielf\u00e4ltigen Werbung f\u00fcr unser Permakulturprojekt, wurde unsere Vereinst\u00e4tigkeit sichtbarer und hat sicher viele Menschen &#8218;gwundrig&#8216; gemacht. Auf verschiedenen Kan\u00e4len laden wir Interessierte ein, jeweils Samstag vormittags unseren wundersch\u00f6nen Ort zu besuchen. Um uns als Aktive kennenzulernen, mit uns im Garten zu arbeiten oder mehr \u00fcber Permakultur zu erfahren . Das bedingt dass unser Tor offen steht, wenn die Besucher herbeistr\u00f6men und dank den neuen und gr\u00f6sseren Gr\u00fcneZweig-Schilder (von Dana gemalt)<br>zielgerichtet bei uns landen ( &#8211; ; Die Pr\u00e4senzzeit kann auch mit dem Bestaunen der aufgehenden Knospen der B\u00e4ume, Blumen, Ansaaten verbracht werden. Einen Spaziergang mit sich selbst oder Freuden \u00fcbers Land. Im klaren Licht dem Vogelgesang lauschend den Teich umrunden. Das Ernten des frischen Gr\u00fcns f\u00fcr den Brunch auch auf den Samstag Vormittag legen und so mit deinem Vorort sein, ev. deiner Ernte teilen, den Besuchenden einen freundlichen Empfang bereiten. Schon sind weitere Menschen f\u00fcrs Mitmachen bei unserem Projekt begeistert.<\/p>\n\n\n\n<p class=\"has-large-font-size\"><strong>Ernten<\/strong><\/p>\n\n\n\n<p>im A: letzter N\u00fcsslisalat, Spinat und Lauch; vitale Lauchzwiebeln; junges Etagenknoblauch-Gr\u00fcn;<br>in vielen Reihen: div. Blattkohl; im C 1+2 N\u00fcsslisalat ( den aufbl\u00fchenden \u00fcberall stehen lassen!)<\/p>\n\n\n\n<p class=\"has-large-font-size\"><strong>Arbeiten<\/strong><\/p>\n\n\n\n<p><strong>Weitere und detailliertere Infos werden auch am K\u00fchlschrank im Schopf kommuniziert!<\/strong><\/p>\n\n\n\n<ul class=\"wp-block-list\">\n<li>Boden der Beete auflockern, vorbereiten f\u00fcr Ansaaten und Pflanzungen. \n<ul class=\"wp-block-list\">\n<li>-&gt;Anmerkung Humusaufbau Alle offenen Fl\u00e4chen(ausser da wo grad anges\u00e4t wurde) wieder mit Mulch decken.<\/li>\n<\/ul>\n<\/li>\n\n\n\n<li>Ansaaten und Pflanzungen beidseitig gut sichtbar kennzeichnen, Schilder beschriften.<\/li>\n\n\n\n<li>Alles Gr\u00fcn aus den Sandfl\u00e4chen (Um den Teich) entfernen, lockern. Da freuen sich die Insekten.<\/li>\n\n\n\n<li>In der Wiese wilde Brombeeren und Disteln tief ausgraben.<\/li>\n<\/ul>\n\n\n\n<p>-&gt;Eines unserer\/der Permakulturbewegung gesetzten Ziele ist, den Humusaufbau des Mutterbodens zu<br>f\u00f6rdern. Das liegen lassen oder zuf\u00fchren von gewachsener Gr\u00fcnmasse auf den bearbeiteten Fl\u00e4chen ist dabei das Wichtigste. Mit Mulchmaterial wird der Boden vor starken Witterungseinfl\u00fcssen gesch\u00fctzt.<br>Ausgenommen sind die starken WurzelBeikr\u00e4uter (Disteln,Winden,F\u00fcnffingerkraut\u2026) Diese sollten auch<br>nicht frisch dem Kompost zugef\u00fchrt werden. Erst im Fass verg\u00e4ren oder komplett vertrocknen lassen.<br>Ansonsten separat (hinten bei den wilden Brombeeren) deponieren.<\/p>\n\n\n\n<p class=\"has-large-font-size\"><strong>Infrastrukturarbeiten<\/strong><\/p>\n\n\n\n<ul class=\"wp-block-list\">\n<li>Die Benjeshecke oben am Zaun mit neuen Pf\u00e4hlen st\u00fctzen. (Pf\u00e4hle liegen schon da)\n<ul class=\"wp-block-list\">\n<li>-&gt;Anmerkung Humusaufbau Alle offenen Fl\u00e4chen(ausser da wo grad anges\u00e4t wurde) wieder mit Mulch decken.<\/li>\n<\/ul>\n<\/li>\n\n\n\n<li>Einige Schnecken haben \u00fcberlebt. Diese fr\u00fche Population einsammeln, so werden sich weniger vermehren( &#8211; ;<\/li>\n<\/ul>\n\n\n\n<p class=\"has-large-font-size\"><strong>Primus-Samstag Ausblicke<\/strong><\/p>\n\n\n\n<p class=\"has-medium-font-size\"><strong>4. April 9 Uhr<\/strong> gemeinsam Kr\u00e4uter sammeln, damit Ostereier verzieren und f\u00e4rben. Mit Barbara<br><strong>2. Mai 9.30<\/strong> <strong>Uhr <\/strong>in die Welt der K\u00e4fer eintauchen. Wissensvermittlerin Kerstin<br>6. Juni ? , 4.Juli ? , 1. August ? , W\u00e4re da ein passendes Datum f\u00fcr deinen Imput? (bei Cornelia melden)<\/p>\n\n\n\n<p class=\"has-large-font-size\"><strong>Wichtige Daten<\/strong><\/p>\n\n\n\n<p><strong>Montag, 13. April<\/strong><br><strong>Ort:<\/strong> aTeam Treffen in der Jurte<br><strong>Anlass:<\/strong> gemeinsame Vision f\u00fcr 2026 und weiteres Wirken planen.<\/p>\n\n\n\n<p class=\"has-large-font-size\"><strong>Weitere Infos<\/strong><\/p>\n\n\n\n<p>Sch\u00f6ne Ostertage w\u00fcnschen Cornelia, Barbara, Evelyn und Peter vom Vorstand.<\/p>\n","protected":false},"excerpt":{"rendered":"<p>Die K\u00fcchenschellen l\u00e4uten jetzt den Fr\u00fchling ein. Huflattich und Schwarzdorn sind schon verbl\u00fcht. In den Wiesen bl\u00fchen Schl\u00fcsselblumen, Wiesenschaumkraut und L\u00f6wenzahn. Dank der vielf\u00e4ltigen Werbung f\u00fcr unser Permakulturprojekt, wurde unsere&hellip;<\/p>\n","protected":false},"author":1,"featured_media":2670,"comment_status":"open","ping_status":"open","sticky":false,"template":"","format":"standard","meta":{"_siteseo_robots_primary_cat":"35","pagelayer_contact_templates":[],"_pagelayer_content":"","_price":"","_stock":"","_tribe_ticket_header":"","_tribe_default_ticket_provider":"","_tribe_ticket_capacity":"0","_ticket_start_date":"","_ticket_end_date":"","_tribe_ticket_show_description":"","_tribe_ticket_show_not_going":false,"_tribe_ticket_use_global_stock":"","_tribe_ticket_global_stock_level":"","_global_stock_mode":"","_global_stock_cap":"","_tribe_rsvp_for_event":"","_tribe_ticket_going_count":"","_tribe_ticket_not_going_count":"","_tribe_tickets_list":"[]","_tribe_ticket_has_attendee_info_fields":false,"footnotes":""},"categories":[35],"tags":[],"class_list":["post-2669","post","type-post","status-publish","format-standard","has-post-thumbnail","hentry","category-monats-info-blatt"],"_links":{"self":[{"href":"https:\/\/www.gruenerzweig-nw.ch\/neu\/wp-json\/wp\/v2\/posts\/2669","targetHints":{"allow":["GET"]}}],"collection":[{"href":"https:\/\/www.gruenerzweig-nw.ch\/neu\/wp-json\/wp\/v2\/posts"}],"about":[{"href":"https:\/\/www.gruenerzweig-nw.ch\/neu\/wp-json\/wp\/v2\/types\/post"}],"author":[{"embeddable":true,"href":"https:\/\/www.gruenerzweig-nw.ch\/neu\/wp-json\/wp\/v2\/users\/1"}],"replies":[{"embeddable":true,"href":"https:\/\/www.gruenerzweig-nw.ch\/neu\/wp-json\/wp\/v2\/comments?post=2669"}],"version-history":[{"count":6,"href":"https:\/\/www.gruenerzweig-nw.ch\/neu\/wp-json\/wp\/v2\/posts\/2669\/revisions"}],"predecessor-version":[{"id":2677,"href":"https:\/\/www.gruenerzweig-nw.ch\/neu\/wp-json\/wp\/v2\/posts\/2669\/revisions\/2677"}],"wp:featuredmedia":[{"embeddable":true,"href":"https:\/\/www.gruenerzweig-nw.ch\/neu\/wp-json\/wp\/v2\/media\/2670"}],"wp:attachment":[{"href":"https:\/\/www.gruenerzweig-nw.ch\/neu\/wp-json\/wp\/v2\/media?parent=2669"}],"wp:term":[{"taxonomy":"category","embeddable":true,"href":"https:\/\/www.gruenerzweig-nw.ch\/neu\/wp-json\/wp\/v2\/categories?post=2669"},{"taxonomy":"post_tag","embeddable":true,"href":"https:\/\/www.gruenerzweig-nw.ch\/neu\/wp-json\/wp\/v2\/tags?post=2669"}],"curies":[{"name":"wp","href":"https:\/\/api.w.org\/{rel}","templated":true}]}}