{"id":2617,"date":"2026-02-25T08:38:08","date_gmt":"2026-02-25T08:38:08","guid":{"rendered":"https:\/\/www.gruenerzweig-nw.ch\/neu\/?p=2617"},"modified":"2026-04-07T15:58:24","modified_gmt":"2026-04-07T15:58:24","slug":"gemeinsam-gewinnen-wir","status":"publish","type":"post","link":"https:\/\/www.gruenerzweig-nw.ch\/neu\/2026\/02\/25\/gemeinsam-gewinnen-wir\/","title":{"rendered":"Gemeinsam gewinnen wir!"},"content":{"rendered":"\n<p>Unser Verein Permakulturg\u00e4rten Gr\u00fcner Zweig wurde von der BLKB-F\u00f6rderstiftung f\u00fcr den Hauptpreis von CHF 10\u2018000.- nominiert. *** <a href=\"https:\/\/voting.blkbstiftung.ch\/gesundes-gemse-und-obst-durch-permakultur\/23\" data-type=\"link\" data-id=\"https:\/\/voting.blkbstiftung.ch\/gesundes-gemse-und-obst-durch-permakultur\/23\">Jetzt abstimmen<\/a> ***<\/p>\n\n\n\n<p class=\"has-text-align-center has-large-font-size\"><strong><mark style=\"background-color:#00d084\" class=\"has-inline-color\"><a href=\"https:\/\/voting.blkbstiftung.ch\/gesundes-gemse-und-obst-durch-permakultur\/23\" data-type=\"link\" data-id=\"https:\/\/voting.blkbstiftung.ch\/\">Zur Abstimmung<\/a><\/mark><\/strong><\/p>\n\n\n\n<p>Welcher von den f\u00fcnf verbliebenen Vereinen gewinnt, wird durch ein Public Voting entschieden. Dieses findet vom 3.-29. M\u00e4rz 2026 statt. Stimmen Sie bitte \u00fcber untenstehenden Link f\u00fcr unseren Verein ab und verhelfen Sie uns zu diesem wichtigen finanziellen Beitrag. Wir m\u00f6chten damit weitere Elemente der Permakultur realisieren, wie zum Beispiel Sonnenfallen im S\u00fcdhang, um w\u00e4rmeliebende Obstb\u00e4ume anzupflanzen. Herzlichen Dank!<\/p>\n\n\n\n<p class=\"has-text-align-center\">****** JETZT ABSTIMMEN ******<\/p>\n\n\n\n<p class=\"has-text-align-center has-large-font-size\"><strong><mark style=\"background-color:#00d084\" class=\"has-inline-color\"><a href=\"https:\/\/voting.blkbstiftung.ch\/gesundes-gemse-und-obst-durch-permakultur\/23\" data-type=\"link\" data-id=\"https:\/\/voting.blkbstiftung.ch\/\">Zur Abstimmung<\/a><\/mark><\/strong><\/p>\n\n\n\n<p>\u00dcber den link &#8222;Zur Abstimmung&#8220; wirst du an die Abstimmungsseite bei der BLKB weitergeleitet und kannst dort deine Stimme abgeben!<\/p>\n\n\n\n<p><\/p>\n","protected":false},"excerpt":{"rendered":"<p>Unser Verein Permakulturg\u00e4rten Gr\u00fcner Zweig wurde von der BLKB-F\u00f6rderstiftung f\u00fcr den Hauptpreis von CHF 10\u2018000.- nominiert. *** Jetzt abstimmen *** Zur Abstimmung Welcher von den f\u00fcnf verbliebenen Vereinen gewinnt, wird&hellip;<\/p>\n","protected":false},"author":1,"featured_media":2143,"comment_status":"open","ping_status":"open","sticky":false,"template":"","format":"standard","meta":{"_siteseo_robots_primary_cat":"none","pagelayer_contact_templates":[],"_pagelayer_content":"","_price":"","_stock":"","_tribe_ticket_header":"","_tribe_default_ticket_provider":"","_tribe_ticket_capacity":"0","_ticket_start_date":"","_ticket_end_date":"","_tribe_ticket_show_description":"","_tribe_ticket_show_not_going":false,"_tribe_ticket_use_global_stock":"","_tribe_ticket_global_stock_level":"","_global_stock_mode":"","_global_stock_cap":"","_tribe_rsvp_for_event":"","_tribe_ticket_going_count":"","_tribe_ticket_not_going_count":"","_tribe_tickets_list":"[]","_tribe_ticket_has_attendee_info_fields":false,"footnotes":""},"categories":[1],"tags":[],"class_list":["post-2617","post","type-post","status-publish","format-standard","has-post-thumbnail","hentry","category-sonstiges"],"_links":{"self":[{"href":"https:\/\/www.gruenerzweig-nw.ch\/neu\/wp-json\/wp\/v2\/posts\/2617","targetHints":{"allow":["GET"]}}],"collection":[{"href":"https:\/\/www.gruenerzweig-nw.ch\/neu\/wp-json\/wp\/v2\/posts"}],"about":[{"href":"https:\/\/www.gruenerzweig-nw.ch\/neu\/wp-json\/wp\/v2\/types\/post"}],"author":[{"embeddable":true,"href":"https:\/\/www.gruenerzweig-nw.ch\/neu\/wp-json\/wp\/v2\/users\/1"}],"replies":[{"embeddable":true,"href":"https:\/\/www.gruenerzweig-nw.ch\/neu\/wp-json\/wp\/v2\/comments?post=2617"}],"version-history":[{"count":14,"href":"https:\/\/www.gruenerzweig-nw.ch\/neu\/wp-json\/wp\/v2\/posts\/2617\/revisions"}],"predecessor-version":[{"id":2657,"href":"https:\/\/www.gruenerzweig-nw.ch\/neu\/wp-json\/wp\/v2\/posts\/2617\/revisions\/2657"}],"wp:featuredmedia":[{"embeddable":true,"href":"https:\/\/www.gruenerzweig-nw.ch\/neu\/wp-json\/wp\/v2\/media\/2143"}],"wp:attachment":[{"href":"https:\/\/www.gruenerzweig-nw.ch\/neu\/wp-json\/wp\/v2\/media?parent=2617"}],"wp:term":[{"taxonomy":"category","embeddable":true,"href":"https:\/\/www.gruenerzweig-nw.ch\/neu\/wp-json\/wp\/v2\/categories?post=2617"},{"taxonomy":"post_tag","embeddable":true,"href":"https:\/\/www.gruenerzweig-nw.ch\/neu\/wp-json\/wp\/v2\/tags?post=2617"}],"curies":[{"name":"wp","href":"https:\/\/api.w.org\/{rel}","templated":true}]}}