{"id":2467,"date":"2026-02-06T13:15:41","date_gmt":"2026-02-06T13:15:41","guid":{"rendered":"https:\/\/www.gruenerzweig-nw.ch\/neu\/?p=2467"},"modified":"2026-02-09T08:28:37","modified_gmt":"2026-02-09T08:28:37","slug":"februar-2026","status":"publish","type":"post","link":"https:\/\/www.gruenerzweig-nw.ch\/neu\/2026\/02\/06\/februar-2026\/","title":{"rendered":"Februar 2026"},"content":{"rendered":"\n<p class=\"has-large-font-size\"><strong>Unser kostbarer Raum\u2026<\/strong><\/p>\n\n\n\n<p class=\"has-medium-font-size\">\u2026. die Jurte. Ein beliebter Treffpunkt f\u00fcr Gem\u00fctlichkeit, Vereinsarbeit, Mitgliedertreffen, Feste feiern\u2026<br>Zur Information und der sachgem\u00e4ssen Nutzung wurden auf einem Blatt &#8218;NutzungsHinweisen&#8216;<br>zusammen gefasst. Es wird laminiert in der Jurte aufliegen und bei deren Miete mit der<br>&#8218;NutzungsVereinbarung&#8216; abgegeben. Die Miete der Jurte steht f\u00fcr private Feste und Veranstaltungen allen Vereinsmitgliedern offen. Dazu haben wir eine schriftliche &#8218;NutzungsVereinbarung&#8216; zur rechtlichen Absicherung ausgearbeitet. Diese muss vorg\u00e4ngig unterzeichnet werden, da k\u00f6nnen auch allf\u00e4llige Fragen mit dem mitunterzeichnenden Vorstandsmitglied gekl\u00e4rt werden. Wir haben uns f\u00fcr einen kleinen finanziellen Ausgleich f\u00fcr deren Miete entschieden, damit Unterhalts-, Instandhaltungs-kosten und ev kommende Reparaturen unterst\u00fctzt werden.<br>Anfragen zur Reservation der Jurte bitte bei Cornelia machen (bis die interne Agenda auf der Webseite steht)!<\/p>\n\n\n\n<p class=\"has-medium-font-size\"><em>Zur Finanzierung der Obstb\u00e4ume und dem n\u00f6tigem Zubeh\u00f6r kann immer noch gespendet werden<\/em> ( &#8211; ;<\/p>\n\n\n\n<p class=\"has-large-font-size\"><strong>Ernten<\/strong><\/p>\n\n\n\n<p><strong>Den ganzen Winter, in frostfreier Zeit ernten<\/strong>: im A: N\u00fcsslisalat, Winterspinat, Lauch, Lauchzwiebeln,<br>Etagenknoblauch; im B4 Chinakohl; in vielen Reihen div. Blattkohl; im C 1+2 N\u00fcsslisalat<\/p>\n\n\n\n<p class=\"has-large-font-size\"><strong>Arbeiten<\/strong><\/p>\n\n\n\n<ul class=\"wp-block-list\">\n<li>Mit dem Frost wird der Boden aufgelockert, so wird das Entfernen der wurzelstarken Begleitkr\u00e4uter besonders einfach. In den Beeten oder aus den Kiesfl\u00e4chen, gerne auch wilde Brombeeren und Disteln.<\/li>\n\n\n\n<li><strong>Infrastrukturarbeiten<\/strong>: &#8211;\n<ul class=\"wp-block-list\">\n<li>Beeteinfassungen optimieren, Wurzelsperre um die Himbeeren vergraben.<\/li>\n\n\n\n<li>Die Benjeshecke s\u00fcd mit neuen Pf\u00e4hlen st\u00fctzen.  (Pf\u00e4hle vor Ort)<\/li>\n\n\n\n<li>WegBretter neu legen, br\u00fcchige ersetzen.<\/li>\n\n\n\n<li>Trotz Frost haben einige Schnecken \u00fcberlebt, Winterernte ( &#8211; ;<br><\/li>\n<\/ul>\n<\/li>\n<\/ul>\n\n\n\n<p class=\"has-large-font-size\"><strong>Primus-Samstag Ausblicke<\/strong><\/p>\n\n\n\n<p class=\"has-medium-font-size\"><strong>7. Februar<\/strong><br><strong>Thema:<\/strong> Wissenswertes f\u00fcr die Obstbaumpflanzung<br><strong>Inhalt:<\/strong> Wissenswertes f\u00fcr die Obstbaumpflanzung, geeignete Standort ausw\u00e4hlen, welches<br>Schutzmaterial ist empfehlenswert, gemeinsames Pflanzgruben vorbereiten mit Cornelia<\/p>\n\n\n\n<p>7.M\u00e4rz ? , 4. April ? , 2.Mai Kerstin Wissensvermittlerin \u00fcber K\u00e4fer im Garten , 6.Juni ? \u2026<br>W\u00e4re da ein passendes Datum f\u00fcr deinen Imput? (bei Cornelia melden)<\/p>\n\n\n\n<p class=\"has-large-font-size\"><strong>Wichtige Daten<\/strong><\/p>\n\n\n\n<p>Veranstaltungen und Treffen<\/p>\n\n\n\n<p><strong>Montag, 2. Februar<\/strong><br><strong>Ort:<\/strong> aTeam Treffen in der Jurte<br><strong>Anlass:<\/strong> gemeinsame Vision f\u00fcr 2026 und weiteres Wirken planen.<\/p>\n\n\n\n<p><strong>Dienstag, 3. <\/strong>M\u00e4rz<br><strong>Ort:<\/strong> aTeam Treffen in der Jurte<br><strong>Anlass:<\/strong> gemeinsame Vision f\u00fcr 2026 und weiteres Wirken planen.<\/p>\n\n\n\n<p><strong>Samstag, 28. M\u00e4rz, 15:00 Uhr<\/strong><br><strong>Anlass:<\/strong> GV Verein Gr\u00fcner Zweig  in der Jurte<br><strong>Hinweis:<\/strong> Bitte alle kommen.<\/p>\n\n\n\n<p>bis 29. M\u00e4rz F\u00fcr unser ProjektVideo (F\u00f6rderpreis BLKB) werben und abstimmen!<\/p>\n\n\n\n<p class=\"has-large-font-size\"><strong>Weitere Infos<\/strong><\/p>\n\n\n\n<p>Zur Finanzierung der Obstb\u00e4ume und dem n\u00f6tigem Zubeh\u00f6r kann immer noch gespendet werden ( &#8211; ;<br>Dazu findet ihr alle Infos auf dem sch\u00f6nen Flyer &#8212;> gerne weiter geben<\/p>\n\n\n\n<p>Guten Start in die Gartensaison w\u00fcnschen w\u00fcnschen Cornelia, Barbara, Evelyn und Peter vom Vorstand<\/p>\n","protected":false},"excerpt":{"rendered":"<p>Unser kostbarer Raum\u2026 \u2026. die Jurte. Ein beliebter Treffpunkt f\u00fcr Gem\u00fctlichkeit, Vereinsarbeit, Mitgliedertreffen, Feste feiern\u2026Zur Information und der sachgem\u00e4ssen Nutzung wurden auf einem Blatt &#8218;NutzungsHinweisen&#8216;zusammen gefasst. Es wird laminiert in&hellip;<\/p>\n","protected":false},"author":2,"featured_media":2468,"comment_status":"open","ping_status":"open","sticky":false,"template":"","format":"standard","meta":{"_siteseo_robots_primary_cat":"35","pagelayer_contact_templates":[],"_pagelayer_content":"","_price":"","_stock":"","_tribe_ticket_header":"","_tribe_default_ticket_provider":"","_tribe_ticket_capacity":"0","_ticket_start_date":"","_ticket_end_date":"","_tribe_ticket_show_description":"","_tribe_ticket_show_not_going":false,"_tribe_ticket_use_global_stock":"","_tribe_ticket_global_stock_level":"","_global_stock_mode":"","_global_stock_cap":"","_tribe_rsvp_for_event":"","_tribe_ticket_going_count":"","_tribe_ticket_not_going_count":"","_tribe_tickets_list":"[]","_tribe_ticket_has_attendee_info_fields":false,"footnotes":""},"categories":[35],"tags":[],"class_list":["post-2467","post","type-post","status-publish","format-standard","has-post-thumbnail","hentry","category-monats-info-blatt"],"_links":{"self":[{"href":"https:\/\/www.gruenerzweig-nw.ch\/neu\/wp-json\/wp\/v2\/posts\/2467","targetHints":{"allow":["GET"]}}],"collection":[{"href":"https:\/\/www.gruenerzweig-nw.ch\/neu\/wp-json\/wp\/v2\/posts"}],"about":[{"href":"https:\/\/www.gruenerzweig-nw.ch\/neu\/wp-json\/wp\/v2\/types\/post"}],"author":[{"embeddable":true,"href":"https:\/\/www.gruenerzweig-nw.ch\/neu\/wp-json\/wp\/v2\/users\/2"}],"replies":[{"embeddable":true,"href":"https:\/\/www.gruenerzweig-nw.ch\/neu\/wp-json\/wp\/v2\/comments?post=2467"}],"version-history":[{"count":2,"href":"https:\/\/www.gruenerzweig-nw.ch\/neu\/wp-json\/wp\/v2\/posts\/2467\/revisions"}],"predecessor-version":[{"id":2473,"href":"https:\/\/www.gruenerzweig-nw.ch\/neu\/wp-json\/wp\/v2\/posts\/2467\/revisions\/2473"}],"wp:featuredmedia":[{"embeddable":true,"href":"https:\/\/www.gruenerzweig-nw.ch\/neu\/wp-json\/wp\/v2\/media\/2468"}],"wp:attachment":[{"href":"https:\/\/www.gruenerzweig-nw.ch\/neu\/wp-json\/wp\/v2\/media?parent=2467"}],"wp:term":[{"taxonomy":"category","embeddable":true,"href":"https:\/\/www.gruenerzweig-nw.ch\/neu\/wp-json\/wp\/v2\/categories?post=2467"},{"taxonomy":"post_tag","embeddable":true,"href":"https:\/\/www.gruenerzweig-nw.ch\/neu\/wp-json\/wp\/v2\/tags?post=2467"}],"curies":[{"name":"wp","href":"https:\/\/api.w.org\/{rel}","templated":true}]}}