{"id":2463,"date":"2026-01-02T13:07:23","date_gmt":"2026-01-02T13:07:23","guid":{"rendered":"https:\/\/www.gruenerzweig-nw.ch\/neu\/?p=2463"},"modified":"2026-02-06T13:18:57","modified_gmt":"2026-02-06T13:18:57","slug":"januar-2026","status":"publish","type":"post","link":"https:\/\/www.gruenerzweig-nw.ch\/neu\/2026\/01\/02\/januar-2026\/","title":{"rendered":"Januar 2026"},"content":{"rendered":"\n<p class=\"has-large-font-size\"><strong>Guten Start ins 2026!<\/strong><\/p>\n\n\n\n<p class=\"has-medium-font-size\">Wichtiger Aufruf an alle!<br>F\u00fcr einen F\u00f6rderpreis der BLKantonalBank m\u00fcssen wir ein Video von unserem PermakulturProjekt einreichen. Peter hat schon die schriftlichen Arbeiten erledigt und Dana w\u00fcrde f\u00fcr uns das kurze (1Min)Video zusammenstellen und auf Socialmedia teilen. Denn das Publikum entscheidet, wer den Preis bekommt( &#8211; ; Jetzt die Bitte an euch, schaut nach ob ihr brauchbare Aufnahmen habt: Euer Videomaterial \u00fcber uns und zum PermakulturProjekt senden!<\/p>\n\n\n\n<p class=\"has-medium-font-size\"><em>Zur Finanzierung der Obstb\u00e4ume und dem n\u00f6tigem Zubeh\u00f6r kann immer noch gespendet werden<\/em> ( &#8211; ;<\/p>\n\n\n\n<p class=\"has-large-font-size\"><strong>Ernten<\/strong><\/p>\n\n\n\n<p><strong>Den ganzen Winter, in frostfreier Zeit ernten<\/strong>: N\u00fcsslisalat A+C in vielen Reihen, div. Blattkohl, Lauch A,<br>Lauchzwiebeln A, Winterspinat A, Winterkopfsalat A, Zuckerhut B1, Chinakohl B4<\/p>\n\n\n\n<p class=\"has-large-font-size\"><strong>Arbeiten<\/strong><\/p>\n\n\n\n<ul class=\"wp-block-list\">\n<li>K\u00e4lteempfindliche Kulturen in entsprechenden N\u00e4chten mit Vlies decken(tags\u00fcber wieder entfernen)<\/li>\n\n\n\n<li>Alle offenen Erdfl\u00e4chen \u00fcber die Winterzeit dick mulchen.<\/li>\n\n\n\n<li>Die wurzelstarken Begleitkr\u00e4uter wachsen auch im Winter weiter, deshalb gibt es noch genug zu tun. z.B die F\u00fcnffingerkr\u00e4uter aus den Kiesfl\u00e4chen um den Teich entfernen.<\/li>\n\n\n\n<li>Generell wilde Brombeeren und Disteln ausstechen..<\/li>\n\n\n\n<li><strong>Infrastrukturarbeiten<\/strong>: &#8211;\n<ul class=\"wp-block-list\">\n<li>Beeteinfassungen optimieren, Wurzelsperre um die Himbeeren vergraben.<\/li>\n\n\n\n<li>Die Benjeshecke s\u00fcd mit neuen Pf\u00e4hlen st\u00fctzen.<\/li>\n\n\n\n<li>WegBretter neu legen, br\u00fcchige ersetzen.<br><\/li>\n<\/ul>\n<\/li>\n<\/ul>\n\n\n\n<p class=\"has-large-font-size\"><strong>Primus-Samstag Ausblicke<\/strong><\/p>\n\n\n\n<p>&#8218;Primus-Samstag&#8216;<br>3.Januar ?, 7.Februar ?, 7.M\u00e4rz ?, 4. April ?, 2.Mai Kerstin Wissensvermittlerin, 6.Juni ? \u2026<br>W\u00e4re da ein passendes Datum f\u00fcr deinen Imput? (bei Cornelia melden)<\/p>\n\n\n\n<p class=\"has-large-font-size\"><strong>Wichtige Daten<\/strong><\/p>\n\n\n\n<p>Veranstaltungen und Treffen<\/p>\n\n\n\n<p><strong>Samstag, 24. Januar, ab 18:30 Uhr<\/strong><br><strong>Anlass:<\/strong> Genusstreffen in der Jurte<br><strong>Hinweis:<\/strong> gem\u00fctliches Beisammensein und Austauschen kitten das Fundament unseres Vereins.<\/p>\n\n\n\n<p><strong>Montag, 2. Februar<\/strong><br><strong>Ort:<\/strong> aTeam Treffen in der Jurte<br><strong>Anlass:<\/strong> gemeinsame Vision f\u00fcr 2026 und weiteres Wirken planen.<\/p>\n\n\n\n<p><strong>Dienstag, 3. <\/strong>M\u00e4rz<br><strong>Ort:<\/strong> aTeam Treffen in der Jurte<br><strong>Anlass:<\/strong> gemeinsame Vision f\u00fcr 2026 und weiteres Wirken planen.<\/p>\n\n\n\n<p><strong>Samstag, 28. M\u00e4rz, 15:00 Uhr<\/strong><br><strong>Anlass:<\/strong> GV Verein Gr\u00fcner Zweig  in der Jurte<br><strong>Hinweis:<\/strong> Bitte alle kommen.<\/p>\n\n\n\n<p>Die aTeam Treffen (ehemals Kerngruppe), siehe Sitzungsprotokoll 18.Nov oder JanuarInfoBlatt<\/p>\n\n\n\n<p class=\"has-large-font-size\"><strong>Weitere Infos<\/strong><\/p>\n\n\n\n<p>Vereinsarbeit findet nicht nur im Garten statt. Einiges an Administrativem braucht auch Aufmerksamkeit<br>und zeitlicher Einsatz. Dieser Einsatz ist schon einige Zeit auf (zu) wenige Personen verteilt. H\u00e4ttest du ein<br>paar Stunden im Monat oder Jahr Zeit dem Verein zu schenken? Melde dich beim Vorstand, um gemeinsam das Passende f\u00fcr dich zu finden. Mit der Unterst\u00fctzung aller werden wir im neuen Jahr weiter gedeihen. Ps: bis die interne Agenda auf der Webseite steht, eure Anfragen zur Reservation der Jurte bei Cornelia machen<\/p>\n\n\n\n<p>Ein tolles neues Jahr w\u00fcnschen Cornelia, Barbara, Evelyn und Peter vom Vorstand<\/p>\n","protected":false},"excerpt":{"rendered":"<p>Guten Start ins 2026! Wichtiger Aufruf an alle!F\u00fcr einen F\u00f6rderpreis der BLKantonalBank m\u00fcssen wir ein Video von unserem PermakulturProjekt einreichen. Peter hat schon die schriftlichen Arbeiten erledigt und Dana w\u00fcrde&hellip;<\/p>\n","protected":false},"author":2,"featured_media":2465,"comment_status":"open","ping_status":"open","sticky":false,"template":"","format":"standard","meta":{"_siteseo_robots_primary_cat":"35","pagelayer_contact_templates":[],"_pagelayer_content":"","_price":"","_stock":"","_tribe_ticket_header":"","_tribe_default_ticket_provider":"","_tribe_ticket_capacity":"0","_ticket_start_date":"","_ticket_end_date":"","_tribe_ticket_show_description":"","_tribe_ticket_show_not_going":false,"_tribe_ticket_use_global_stock":"","_tribe_ticket_global_stock_level":"","_global_stock_mode":"","_global_stock_cap":"","_tribe_rsvp_for_event":"","_tribe_ticket_going_count":"","_tribe_ticket_not_going_count":"","_tribe_tickets_list":"[]","_tribe_ticket_has_attendee_info_fields":false,"footnotes":""},"categories":[35],"tags":[],"class_list":["post-2463","post","type-post","status-publish","format-standard","has-post-thumbnail","hentry","category-monats-info-blatt"],"_links":{"self":[{"href":"https:\/\/www.gruenerzweig-nw.ch\/neu\/wp-json\/wp\/v2\/posts\/2463","targetHints":{"allow":["GET"]}}],"collection":[{"href":"https:\/\/www.gruenerzweig-nw.ch\/neu\/wp-json\/wp\/v2\/posts"}],"about":[{"href":"https:\/\/www.gruenerzweig-nw.ch\/neu\/wp-json\/wp\/v2\/types\/post"}],"author":[{"embeddable":true,"href":"https:\/\/www.gruenerzweig-nw.ch\/neu\/wp-json\/wp\/v2\/users\/2"}],"replies":[{"embeddable":true,"href":"https:\/\/www.gruenerzweig-nw.ch\/neu\/wp-json\/wp\/v2\/comments?post=2463"}],"version-history":[{"count":3,"href":"https:\/\/www.gruenerzweig-nw.ch\/neu\/wp-json\/wp\/v2\/posts\/2463\/revisions"}],"predecessor-version":[{"id":2471,"href":"https:\/\/www.gruenerzweig-nw.ch\/neu\/wp-json\/wp\/v2\/posts\/2463\/revisions\/2471"}],"wp:featuredmedia":[{"embeddable":true,"href":"https:\/\/www.gruenerzweig-nw.ch\/neu\/wp-json\/wp\/v2\/media\/2465"}],"wp:attachment":[{"href":"https:\/\/www.gruenerzweig-nw.ch\/neu\/wp-json\/wp\/v2\/media?parent=2463"}],"wp:term":[{"taxonomy":"category","embeddable":true,"href":"https:\/\/www.gruenerzweig-nw.ch\/neu\/wp-json\/wp\/v2\/categories?post=2463"},{"taxonomy":"post_tag","embeddable":true,"href":"https:\/\/www.gruenerzweig-nw.ch\/neu\/wp-json\/wp\/v2\/tags?post=2463"}],"curies":[{"name":"wp","href":"https:\/\/api.w.org\/{rel}","templated":true}]}}