{"id":2458,"date":"2025-12-06T12:53:05","date_gmt":"2025-12-06T12:53:05","guid":{"rendered":"https:\/\/www.gruenerzweig-nw.ch\/neu\/?p=2458"},"modified":"2026-02-06T12:54:29","modified_gmt":"2026-02-06T12:54:29","slug":"dezember-2025","status":"publish","type":"post","link":"https:\/\/www.gruenerzweig-nw.ch\/neu\/2025\/12\/06\/dezember-2025\/","title":{"rendered":"Dezember 2025"},"content":{"rendered":"\n<p class=\"has-large-font-size\"><strong>Verzauberter Garten<\/strong><\/p>\n\n\n\n<p class=\"has-medium-font-size\">Die ersten Fr\u00f6ste sind \u00fcbers Land gezogen und haben mit dem Raureif den Garten verzaubert.<br>Die Landschaft wirkt in den morgenstunden gefroren, sobald die Sonne sich zeigt wird\u2019s immer noch recht warm. Der Boden ist noch nicht gefroren, deshalb sind Pflanzungen noch gut m\u00f6glich. Die angedachten Obstb\u00e4ume k\u00f6nnen bis Ende Februar gepflanzt werden. Dazu die Einladung zum Pflanzl\u00f6cher daf\u00fcr ausheben, in Vorfreude auf die kommenden Obsternten. Zur Finanzierung der Obstb\u00e4ume und dem n\u00f6tigem Zubeh\u00f6r, hat der Vorstand einen Flyer zum Spendenaufruf gestaltet. Dieser wird beim Kerzenziehstand aufliegen und soll auch danach gerne weiter gereicht werden\u2026 ev. auch als m\u00f6gliches Weihnachtgeschenk!<\/p>\n\n\n\n<p class=\"has-large-font-size\"><strong>Ernten<\/strong><\/p>\n\n\n\n<p><strong>M\u00f6glichst bald ernten<\/strong>: gr\u00fcner Schnitt- und StielMangold B3, Sellerie A4 A5, Randen A2 A8<br><strong>Den ganzen Winter, in frostfreier Zeit ernten<\/strong>: N\u00fcsslisalat A+C in vielen Reihen, viele versch. Blattkohl,<br>Lauch A, Lauchzwiebeln A, Winterspinat A, Winterkopfsalat A, Zuckerhut B1, Chinakohl B4<\/p>\n\n\n\n<p class=\"has-large-font-size\"><strong>Arbeiten<\/strong><\/p>\n\n\n\n<ul class=\"wp-block-list\">\n<li>K\u00e4lteempfindliche Kulturen in entsprechenden N\u00e4chten mit Vlies decken(tags\u00fcber wieder entfernen)<\/li>\n\n\n\n<li>Alle offenen Erdfl\u00e4chen \u00fcber die Winterzeit dick mulchen.<\/li>\n\n\n\n<li>Die wurzelstarken Begleitkr\u00e4uter wachsen auch in der Winterzeit weiter, deshalb gibt es noch genug zu tun.z.B die F\u00fcnffingerkr\u00e4uter und die jungen Weiden aus den Kiesfl\u00e4chen um den Teich entfernen.<\/li>\n\n\n\n<li>Generell wilde Brombeeren und Disteln ausstechen.<\/li>\n\n\n\n<li><strong>Infrastrukturarbeiten<\/strong>: &#8211;\n<ul class=\"wp-block-list\">\n<li>Beeteinfassungen optimieren, Wurzelsperre vergraben.<\/li>\n\n\n\n<li>Die Benjeshecke s\u00fcd mit neuen Pf\u00e4hlen st\u00fctzen. -WegBretter neu legen, br\u00fcchige ersetzen.<br><\/li>\n<\/ul>\n<\/li>\n<\/ul>\n\n\n\n<p class=\"has-large-font-size\"><strong>Primus-Samstag Ausblicke<\/strong><\/p>\n\n\n\n<p class=\"has-medium-font-size\"><strong>6. Dezember (w\u00e4hrend des Herbstmarkts)<\/strong><br><strong>Thema:<\/strong> Schnitzkunst an selbstgezogenen Kerzen<br><strong>Inhalt:<\/strong> \u00dcben und Verfeinern der Technik<\/p>\n\n\n\n<p>F\u00fcr Themen in 2026 bitte bei Cornelia melden.<\/p>\n\n\n\n<p class=\"has-large-font-size\"><strong>Wichtige Daten<\/strong><\/p>\n\n\n\n<p>Veranstaltungen und Treffen<\/p>\n\n\n\n<p><strong>Samstag, 20. Dezember<\/strong><br><strong>Ort:<\/strong> Jurte besetzt<br><strong>Anlass:<\/strong> GV des Vereins Lalas KulturAtelier<\/p>\n\n\n\n<p><strong>Samstag, 24. Januar, ab 18:30 Uhr<\/strong><br><strong>Anlass:<\/strong> Genusstreffen in der Jurte<br><strong>Hinweis:<\/strong> gem\u00fctliches Beisammensein und Austauschen kitten das Fundament unseres Vereins.<\/p>\n\n\n\n<p><strong>Samstag, 28. M\u00e4rz, 15:00 Uhr<\/strong><br><strong>Anlass:<\/strong> GV Verein Gr\u00fcner Zweig<br><strong>Hinweis:<\/strong> Bitte alle kommen.<\/p>\n\n\n\n<p>Die aTeam Treffen (ehemals Kerngruppe), siehe Sitzungsprotokoll 18.Nov oder JanuarInfoBlatt<\/p>\n\n\n\n<p class=\"has-large-font-size\"><strong>Weitere Infos<\/strong><\/p>\n\n\n\n<p>Die Kerngruppe wurde zur \u00d6ffnung, einladend f\u00fcr alle aktiv Mitwirkenden zum aTeam gewandelt.<br>Nehmt teil, bringt euch ein, so k\u00f6nnen wir eine gemeinsame Vision f\u00fcr das weiterbestehen und Wirkens<br>unseres Vereins erm\u00f6glichen.<br>Vereinsarbeit findet nicht nur im Garten und aktuell am Marktstand statt. Einiges an Administrativem<br>braucht auch Aufmerksamkeit und zeitlicher Einsatz. Dieser Einsatz ist schon einige Zeit auf (zu) wenige<br>Personen verteilt. H\u00e4ttest du ein paar Stunden im Monat oder Jahr Zeit dem Verein zu schenken? Melde dich beim Vorstand, um gemeinsam das passende f\u00fcr dich zu finden.<br>Mit der Unterst\u00fctzung aller werden wir gest\u00e4rkt ins neue Jahr starten.<\/p>\n\n\n\n<p>Zauberhafte Festtage w\u00fcnschen Cornelia, Barbara, Evelyn und Peter vom Vorstand<\/p>\n","protected":false},"excerpt":{"rendered":"<p>Verzauberter Garten Die ersten Fr\u00f6ste sind \u00fcbers Land gezogen und haben mit dem Raureif den Garten verzaubert.Die Landschaft wirkt in den morgenstunden gefroren, sobald die Sonne sich zeigt wird\u2019s immer&hellip;<\/p>\n","protected":false},"author":2,"featured_media":2459,"comment_status":"open","ping_status":"open","sticky":false,"template":"","format":"standard","meta":{"_siteseo_robots_primary_cat":"35","pagelayer_contact_templates":[],"_pagelayer_content":"","_price":"","_stock":"","_tribe_ticket_header":"","_tribe_default_ticket_provider":"","_tribe_ticket_capacity":"0","_ticket_start_date":"","_ticket_end_date":"","_tribe_ticket_show_description":"","_tribe_ticket_show_not_going":false,"_tribe_ticket_use_global_stock":"","_tribe_ticket_global_stock_level":"","_global_stock_mode":"","_global_stock_cap":"","_tribe_rsvp_for_event":"","_tribe_ticket_going_count":"","_tribe_ticket_not_going_count":"","_tribe_tickets_list":"[]","_tribe_ticket_has_attendee_info_fields":false,"footnotes":""},"categories":[35],"tags":[],"class_list":["post-2458","post","type-post","status-publish","format-standard","has-post-thumbnail","hentry","category-monats-info-blatt"],"_links":{"self":[{"href":"https:\/\/www.gruenerzweig-nw.ch\/neu\/wp-json\/wp\/v2\/posts\/2458","targetHints":{"allow":["GET"]}}],"collection":[{"href":"https:\/\/www.gruenerzweig-nw.ch\/neu\/wp-json\/wp\/v2\/posts"}],"about":[{"href":"https:\/\/www.gruenerzweig-nw.ch\/neu\/wp-json\/wp\/v2\/types\/post"}],"author":[{"embeddable":true,"href":"https:\/\/www.gruenerzweig-nw.ch\/neu\/wp-json\/wp\/v2\/users\/2"}],"replies":[{"embeddable":true,"href":"https:\/\/www.gruenerzweig-nw.ch\/neu\/wp-json\/wp\/v2\/comments?post=2458"}],"version-history":[{"count":2,"href":"https:\/\/www.gruenerzweig-nw.ch\/neu\/wp-json\/wp\/v2\/posts\/2458\/revisions"}],"predecessor-version":[{"id":2461,"href":"https:\/\/www.gruenerzweig-nw.ch\/neu\/wp-json\/wp\/v2\/posts\/2458\/revisions\/2461"}],"wp:featuredmedia":[{"embeddable":true,"href":"https:\/\/www.gruenerzweig-nw.ch\/neu\/wp-json\/wp\/v2\/media\/2459"}],"wp:attachment":[{"href":"https:\/\/www.gruenerzweig-nw.ch\/neu\/wp-json\/wp\/v2\/media?parent=2458"}],"wp:term":[{"taxonomy":"category","embeddable":true,"href":"https:\/\/www.gruenerzweig-nw.ch\/neu\/wp-json\/wp\/v2\/categories?post=2458"},{"taxonomy":"post_tag","embeddable":true,"href":"https:\/\/www.gruenerzweig-nw.ch\/neu\/wp-json\/wp\/v2\/tags?post=2458"}],"curies":[{"name":"wp","href":"https:\/\/api.w.org\/{rel}","templated":true}]}}