{"id":2299,"date":"2025-11-01T17:03:21","date_gmt":"2025-11-01T17:03:21","guid":{"rendered":"https:\/\/www.gruenerzweig-nw.ch\/neu\/?p=2299"},"modified":"2026-01-20T12:17:40","modified_gmt":"2026-01-20T12:17:40","slug":"november-2025","status":"publish","type":"post","link":"https:\/\/www.gruenerzweig-nw.ch\/neu\/2025\/11\/01\/november-2025\/","title":{"rendered":"November 2025"},"content":{"rendered":"\n<p class=\"has-large-font-size\"><strong>Besuch im Garten wird belohnt<\/strong><\/p>\n\n\n\n<p class=\"has-medium-font-size\">Ja, tats\u00e4chlich, es gibt erntereife Feigen in unserem Garten.<\/p>\n\n\n\n<p class=\"has-large-font-size\"><strong>Ernten<\/strong><\/p>\n\n\n\n<p><strong>Vor dem Frost ernten<\/strong>: gr\u00fcner Schnitt- und farbiger StielMangold B3, Kopfsalat A3, Radiesli A4 C2, Sellerie A4 A5, Schnittlauch A10, letzte Broccolis A, Randen A2 A8<br><strong>den ganzen Winter, in frostfreier Zeit ernten<\/strong>: N\u00fcsslisalat A in vielen Reihen, viele versch. Blattkohl,<br>Lauch A, Lauchzwiebeln A, WinterspinatA, Winterkopfsalat A<\/p>\n\n\n\n<p class=\"has-large-font-size\"><strong>Arbeiten<\/strong><\/p>\n\n\n\n<ul class=\"wp-block-list\">\n<li>K\u00e4lteempfindliche Kulturen in entsprechenden N\u00e4chten mit Vlies decken(tags\u00fcber wieder entfernen)<\/li>\n\n\n\n<li>Schnecken und deren Eier aus den Beeten und unter den Brettern entfernen.<\/li>\n\n\n\n<li>Auf den Wiesen liegende \u00c4ste aufsammeln und im Wald zu einem Haufen aufschichten.<\/li>\n\n\n\n<li>Pflanzzeit f\u00fcr wurzelnackte B\u00e4ume, Str\u00e4ucher, Rosen.<\/li>\n\n\n\n<li>Alle offenen Erdfl\u00e4chen \u00fcber die Winterzeit dick mulchen. -Wiesen- und Rasenfl\u00e4chen nochmals m\u00e4hen.<\/li>\n\n\n\n<li>Das F\u00fcnffingerkraut und die jungen Weiden aus den Kiesfl\u00e4chen um den Teich entfernen.<\/li>\n\n\n\n<li>Generell wilde Brombeeren und Disteln ausstechen.<\/li>\n\n\n\n<li>Schneckenkragen zum Saisonschluss s\u00e4ubern, \u00fcber Winter gut verstauen.<\/li>\n\n\n\n<li>Infrastrukturarbeiten: Beeteinfassungen optimieren, Wurzelsperre vergraben.<\/li>\n\n\n\n<li>Die Benjeshecke s\u00fcd mit neuen Pf\u00e4hlen st\u00fctzen. -WegBretter neu legen, br\u00fcchige ersetzen.<br><\/li>\n<\/ul>\n\n\n\n<p class=\"has-large-font-size\"><strong>Primus-Samstag Ausblicke<\/strong><\/p>\n\n\n\n<p class=\"has-medium-font-size\">Termine und Organisation<\/p>\n\n\n\n<p><strong>1. November, 10:00 Uhr<\/strong><br><strong>Thema:<\/strong> Wasser-Drainagen richtig anlegen<br><strong>Inhalt:<\/strong> Praktisches Umsetzen (Graben ausheben, Kies auff\u00fcllen)<\/p>\n\n\n\n<p><strong>6. Dezember (w\u00e4hrend des Herbstmarkts)<\/strong><br><strong>Thema:<\/strong> Schnitzkunst an selbstgezogenen Kerzen<br><strong>Inhalt:<\/strong> \u00dcben und Verfeinern der Technik<\/p>\n\n\n\n<hr class=\"wp-block-separator has-alpha-channel-opacity\"\/>\n\n\n\n<p><strong>Hinweis:<\/strong><br>Cornelia hat im Jahr 2025 die Durchf\u00fchrung der <em>PrimusSamstage<\/em> organisiert.<br>F\u00fcr das Jahr <strong>2026<\/strong> seid ihr an der Reihe.<br>Bitte tragt euch in der <strong>Jahresliste im Schopf<\/strong> ein, welchen Samstag ihr \u00fcbernehmen werdet,<br>oder meldet euch direkt bei <strong>Cornelia<\/strong>.<\/p>\n\n\n\n<p class=\"has-medium-font-size\">Die jeweiligen Themen werden im <strong>Infoblatt<\/strong> angek\u00fcndigt.<\/p>\n\n\n\n<p class=\"has-large-font-size\"><strong>Wichtige Daten<\/strong><\/p>\n\n\n\n<p>Veranstaltungen und Treffen<\/p>\n\n\n\n<p><strong>Freitag, 7. November, 18:30 Uhr<\/strong><br><strong>Ort:<\/strong> Saal Kirchgemeindehaus Laufen<br><strong>Anlass:<\/strong> Film zur Konzernverantwortungs-Initiative<\/p>\n\n\n\n<p><strong>Dienstag, 18. November, 19:00 Uhr<\/strong><br><strong>Anlass:<\/strong> Kerngruppentreffen mit Jahresplanung der Treffen 2026<br><strong>Hinweis:<\/strong> Bitte m\u00f6glichst alle komm<\/p>\n\n\n\n<p class=\"has-large-font-size\"><strong>Weitere Infos<\/strong><\/p>\n\n\n\n<p>Die Treffen zum gem\u00fctliche Beisammensein und Austauschen kitten das Fundament unseres<br>Vereins. Wir k\u00f6nnen so eine gemeinsame Vision f\u00fcr das weiterbestehen und Wirkens unseres Vereins erm\u00f6glichen. Mit der Unterst\u00fctzung aller werden wir gest\u00e4rkt ins neue Jahr starten.<br>Genusstreffen im Januar 2026, Doodel zur Terminfindung wird bald verschickt.<\/p>\n\n\n\n<p>Auf ein Wiedersehen im Garten freuen sich Cornelia, Barbara, Evelyn und Peter vom Vorstand<\/p>\n","protected":false},"excerpt":{"rendered":"<p>Besuch im Garten wird belohnt Ja, tats\u00e4chlich, es gibt erntereife Feigen in unserem Garten. Ernten Vor dem Frost ernten: gr\u00fcner Schnitt- und farbiger StielMangold B3, Kopfsalat A3, Radiesli A4 C2,&hellip;<\/p>\n","protected":false},"author":2,"featured_media":2310,"comment_status":"open","ping_status":"open","sticky":false,"template":"","format":"standard","meta":{"_siteseo_robots_primary_cat":"35","pagelayer_contact_templates":[],"_pagelayer_content":"","_price":"","_stock":"","_tribe_ticket_header":"","_tribe_default_ticket_provider":"","_tribe_ticket_capacity":"0","_ticket_start_date":"","_ticket_end_date":"","_tribe_ticket_show_description":"","_tribe_ticket_show_not_going":false,"_tribe_ticket_use_global_stock":"","_tribe_ticket_global_stock_level":"","_global_stock_mode":"","_global_stock_cap":"","_tribe_rsvp_for_event":"","_tribe_ticket_going_count":"","_tribe_ticket_not_going_count":"","_tribe_tickets_list":"[]","_tribe_ticket_has_attendee_info_fields":false,"footnotes":""},"categories":[35],"tags":[],"class_list":["post-2299","post","type-post","status-publish","format-standard","has-post-thumbnail","hentry","category-monats-info-blatt"],"_links":{"self":[{"href":"https:\/\/www.gruenerzweig-nw.ch\/neu\/wp-json\/wp\/v2\/posts\/2299","targetHints":{"allow":["GET"]}}],"collection":[{"href":"https:\/\/www.gruenerzweig-nw.ch\/neu\/wp-json\/wp\/v2\/posts"}],"about":[{"href":"https:\/\/www.gruenerzweig-nw.ch\/neu\/wp-json\/wp\/v2\/types\/post"}],"author":[{"embeddable":true,"href":"https:\/\/www.gruenerzweig-nw.ch\/neu\/wp-json\/wp\/v2\/users\/2"}],"replies":[{"embeddable":true,"href":"https:\/\/www.gruenerzweig-nw.ch\/neu\/wp-json\/wp\/v2\/comments?post=2299"}],"version-history":[{"count":5,"href":"https:\/\/www.gruenerzweig-nw.ch\/neu\/wp-json\/wp\/v2\/posts\/2299\/revisions"}],"predecessor-version":[{"id":2307,"href":"https:\/\/www.gruenerzweig-nw.ch\/neu\/wp-json\/wp\/v2\/posts\/2299\/revisions\/2307"}],"wp:featuredmedia":[{"embeddable":true,"href":"https:\/\/www.gruenerzweig-nw.ch\/neu\/wp-json\/wp\/v2\/media\/2310"}],"wp:attachment":[{"href":"https:\/\/www.gruenerzweig-nw.ch\/neu\/wp-json\/wp\/v2\/media?parent=2299"}],"wp:term":[{"taxonomy":"category","embeddable":true,"href":"https:\/\/www.gruenerzweig-nw.ch\/neu\/wp-json\/wp\/v2\/categories?post=2299"},{"taxonomy":"post_tag","embeddable":true,"href":"https:\/\/www.gruenerzweig-nw.ch\/neu\/wp-json\/wp\/v2\/tags?post=2299"}],"curies":[{"name":"wp","href":"https:\/\/api.w.org\/{rel}","templated":true}]}}