{"id":2290,"date":"2025-11-02T08:18:35","date_gmt":"2025-11-02T08:18:35","guid":{"rendered":"https:\/\/www.gruenerzweig-nw.ch\/neu\/?p=2290"},"modified":"2025-11-02T08:18:36","modified_gmt":"2025-11-02T08:18:36","slug":"%f0%9f%a5%a7-sauerkrautwaehe","status":"publish","type":"post","link":"https:\/\/www.gruenerzweig-nw.ch\/neu\/2025\/11\/02\/%f0%9f%a5%a7-sauerkrautwaehe\/","title":{"rendered":"\ud83e\udd67 Sauerkrautw\u00e4he"},"content":{"rendered":"\n<h2 class=\"wp-block-heading\">\ud83e\udd67 Sauerkrautw\u00e4he<\/h2>\n\n\n\n<h3 class=\"wp-block-heading\">Jetzt geht\u2019s ans Eingemachte!<\/h3>\n\n\n\n<p>Mit einem fertigen Bl\u00e4tterteig ist das ein Rezept, das es punkto Zeitaufwand locker mit einer Lieferung vom Pizzaservice aufnehmen kann \u2013 <strong>vom Geschmack her sowieso<\/strong>.<br>Damit habe ich sogar schon eine erkl\u00e4rte Sauerkrautver\u00e4chterin bekehrt. \ud83d\ude04<\/p>\n\n\n\n<hr class=\"wp-block-separator has-alpha-channel-opacity\"\/>\n\n\n\n<h3 class=\"wp-block-heading\">\ud83e\uddc2 Zutaten<\/h3>\n\n\n\n<p><strong>Boden<\/strong><\/p>\n\n\n\n<ul class=\"wp-block-list\">\n<li>1 Bl\u00e4tterteig (ausgewallt, ca. 320 g)<br>\u2192 Auf einem Kuchenblech auslegen und mit einer Gabel einstechen.<\/li>\n<\/ul>\n\n\n\n<p><strong>Belag<\/strong><\/p>\n\n\n\n<ul class=\"wp-block-list\">\n<li>ca. 300 g Sauerkraut<br>\u2192 Absp\u00fclen, gut abtropfen lassen und gleichm\u00e4\u00dfig auf dem Teigboden verteilen.<\/li>\n\n\n\n<li>80 g Mostbr\u00f6ckli <strong>oder<\/strong> 100 g R\u00e4uchertofu in feinen Scheiben<br>\u2192 Auf dem Sauerkraut verteilen.<\/li>\n<\/ul>\n\n\n\n<p><strong>Guss<\/strong><\/p>\n\n\n\n<ul class=\"wp-block-list\">\n<li>1 dl Haferrahm oder Halbrahm<\/li>\n\n\n\n<li>1 Ei<\/li>\n\n\n\n<li>100 g geriebener K\u00e4se (z. B. Emmentaler)<br>\u2192 Alles gut mischen.<\/li>\n<\/ul>\n\n\n\n<p><strong>Gew\u00fcrze<\/strong><\/p>\n\n\n\n<ul class=\"wp-block-list\">\n<li>Salz &amp; Pfeffer<\/li>\n\n\n\n<li>2 Prisen gemahlene Muskatnuss<\/li>\n\n\n\n<li>1 Messerspitze Paprika edels\u00fc\u00df<br>\u2192 Zum Guss geben und w\u00fcrzen.<\/li>\n<\/ul>\n\n\n\n<hr class=\"wp-block-separator has-alpha-channel-opacity\"\/>\n\n\n\n<h3 class=\"wp-block-heading\">\ud83d\udc69\u200d\ud83c\udf73 Zubereitung<\/h3>\n\n\n\n<ol class=\"wp-block-list\">\n<li>Guss \u00fcber das belegte Sauerkraut gleichm\u00e4\u00dfig verteilen.<\/li>\n\n\n\n<li>Im vorgeheizten Ofen bei <strong>190 \u00b0C Umluft<\/strong> oder <strong>200 \u00b0C Ober-\/Unterhitze<\/strong><br>ca. <strong>30 Minuten<\/strong> backen, bis die W\u00e4he goldbraun ist.<\/li>\n\n\n\n<li>Kurz abk\u00fchlen lassen, anschneiden und genie\u00dfen!<\/li>\n<\/ol>\n\n\n\n<hr class=\"wp-block-separator has-alpha-channel-opacity\"\/>\n\n\n\n<h3 class=\"wp-block-heading\">\ud83d\udca1 Tipp<\/h3>\n\n\n\n<p>Schmeckt warm oder kalt \u2013 ideal mit einem gr\u00fcnen Salat.<br>Auch k\u00f6stlich mit etwas K\u00fcmmel oder Apfelst\u00fcckchen im Sauerkraut f\u00fcr eine feine, fruchtige Note. \ud83c\udf4f<\/p>\n","protected":false},"excerpt":{"rendered":"<p>\ud83e\udd67 Sauerkrautw\u00e4he Jetzt geht\u2019s ans Eingemachte! Mit einem fertigen Bl\u00e4tterteig ist das ein Rezept, das es punkto Zeitaufwand locker mit einer Lieferung vom Pizzaservice aufnehmen kann \u2013 vom Geschmack her&hellip;<\/p>\n","protected":false},"author":2,"featured_media":2295,"comment_status":"open","ping_status":"open","sticky":false,"template":"","format":"standard","meta":{"_siteseo_robots_primary_cat":"none","pagelayer_contact_templates":[],"_pagelayer_content":"","_price":"","_stock":"","_tribe_ticket_header":"","_tribe_default_ticket_provider":"","_tribe_ticket_capacity":"0","_ticket_start_date":"","_ticket_end_date":"","_tribe_ticket_show_description":"","_tribe_ticket_show_not_going":false,"_tribe_ticket_use_global_stock":"","_tribe_ticket_global_stock_level":"","_global_stock_mode":"","_global_stock_cap":"","_tribe_rsvp_for_event":"","_tribe_ticket_going_count":"","_tribe_ticket_not_going_count":"","_tribe_tickets_list":"[]","_tribe_ticket_has_attendee_info_fields":false,"footnotes":""},"categories":[36],"tags":[],"class_list":["post-2290","post","type-post","status-publish","format-standard","has-post-thumbnail","hentry","category-saison-rezepte"],"_links":{"self":[{"href":"https:\/\/www.gruenerzweig-nw.ch\/neu\/wp-json\/wp\/v2\/posts\/2290","targetHints":{"allow":["GET"]}}],"collection":[{"href":"https:\/\/www.gruenerzweig-nw.ch\/neu\/wp-json\/wp\/v2\/posts"}],"about":[{"href":"https:\/\/www.gruenerzweig-nw.ch\/neu\/wp-json\/wp\/v2\/types\/post"}],"author":[{"embeddable":true,"href":"https:\/\/www.gruenerzweig-nw.ch\/neu\/wp-json\/wp\/v2\/users\/2"}],"replies":[{"embeddable":true,"href":"https:\/\/www.gruenerzweig-nw.ch\/neu\/wp-json\/wp\/v2\/comments?post=2290"}],"version-history":[{"count":3,"href":"https:\/\/www.gruenerzweig-nw.ch\/neu\/wp-json\/wp\/v2\/posts\/2290\/revisions"}],"predecessor-version":[{"id":2293,"href":"https:\/\/www.gruenerzweig-nw.ch\/neu\/wp-json\/wp\/v2\/posts\/2290\/revisions\/2293"}],"wp:featuredmedia":[{"embeddable":true,"href":"https:\/\/www.gruenerzweig-nw.ch\/neu\/wp-json\/wp\/v2\/media\/2295"}],"wp:attachment":[{"href":"https:\/\/www.gruenerzweig-nw.ch\/neu\/wp-json\/wp\/v2\/media?parent=2290"}],"wp:term":[{"taxonomy":"category","embeddable":true,"href":"https:\/\/www.gruenerzweig-nw.ch\/neu\/wp-json\/wp\/v2\/categories?post=2290"},{"taxonomy":"post_tag","embeddable":true,"href":"https:\/\/www.gruenerzweig-nw.ch\/neu\/wp-json\/wp\/v2\/tags?post=2290"}],"curies":[{"name":"wp","href":"https:\/\/api.w.org\/{rel}","templated":true}]}}