{"id":2126,"date":"2025-10-08T17:38:21","date_gmt":"2025-10-08T17:38:21","guid":{"rendered":"https:\/\/www.gruenerzweig-nw.ch\/neu\/?p=2126"},"modified":"2025-12-05T08:33:59","modified_gmt":"2025-12-05T08:33:59","slug":"oktober-2025","status":"publish","type":"post","link":"https:\/\/www.gruenerzweig-nw.ch\/neu\/2025\/10\/08\/oktober-2025\/","title":{"rendered":"Oktober 2025"},"content":{"rendered":"\n<p class=\"has-large-font-size\"><strong>Farbenfrohe F\u00fclle<\/strong><\/p>\n\n\n<div class=\"wp-block-image\">\n<figure class=\"alignleft size-large\"><img loading=\"lazy\" decoding=\"async\" width=\"768\" height=\"1024\" src=\"https:\/\/www.gruenerzweig-nw.ch\/neu\/wp-content\/uploads\/2025\/10\/photo_1_2025-10-15_13-14-03-768x1024.jpg\" alt=\"\" class=\"wp-image-2130\" srcset=\"https:\/\/www.gruenerzweig-nw.ch\/neu\/wp-content\/uploads\/2025\/10\/photo_1_2025-10-15_13-14-03-768x1024.jpg 768w, https:\/\/www.gruenerzweig-nw.ch\/neu\/wp-content\/uploads\/2025\/10\/photo_1_2025-10-15_13-14-03-225x300.jpg 225w, https:\/\/www.gruenerzweig-nw.ch\/neu\/wp-content\/uploads\/2025\/10\/photo_1_2025-10-15_13-14-03-370x493.jpg 370w, https:\/\/www.gruenerzweig-nw.ch\/neu\/wp-content\/uploads\/2025\/10\/photo_1_2025-10-15_13-14-03-760x1013.jpg 760w, https:\/\/www.gruenerzweig-nw.ch\/neu\/wp-content\/uploads\/2025\/10\/photo_1_2025-10-15_13-14-03.jpg 960w\" sizes=\"auto, (max-width: 768px) 100vw, 768px\" \/><\/figure>\n<\/div>\n\n\n<p><\/p>\n\n\n\n<p class=\"has-medium-font-size\">Die grossz\u00fcgigen Erntem\u00f6glichkeiten halten an. Die w\u00e4rmenden Tage werden k\u00fcrzer, die kalten<br>N\u00e4chte l\u00e4nger. H\u00f6chste Zeit Frostempfindliches zu ernten, die bunte Vielfallt an eigenem Gem\u00fcse<br>noch zu geniessen und haltbar machen f\u00fcr Wintertage.<\/p>\n\n\n\n<p class=\"has-medium-font-size\"><br><\/p>\n\n\n\n<p class=\"has-medium-font-size\">Noch vor dem Frost ernten, lagern oder weiterverarbeiten:<br>Patisson, K\u00fcrbisse, gr\u00fcner Schnitt- und farbiger StielMangold B3, Kopfsalat A3, Radiesli A4,<br>Schnittlauch A10<\/p>\n\n\n\n<p class=\"has-medium-font-size\"><strong>Arbeiten<\/strong><\/p>\n\n\n\n<ul class=\"wp-block-list\">\n<li class=\"has-medium-font-size\">K\u00e4lteempfindliche Kulturen in entsprechenden N\u00e4chten mit Vlies decken(tags\u00fcber wieder entfernen)<\/li>\n\n\n\n<li class=\"has-medium-font-size\">Schnecken und deren Eier aus den Beeten und unter den Brettern entfernen.<\/li>\n\n\n\n<li class=\"has-medium-font-size\">Pflanzzeit f\u00fcr B\u00e4ume, Str\u00e4ucher, Beerenpflanzen. Auch wild gewachsene junge Geh\u00f6lze in den<\/li>\n\n\n\n<li class=\"has-medium-font-size\">Gem\u00fcsebeeten ausgraben und an geeignetem Standort pflanzen. Naturgemachte Anzucht ( &#8211; ;<\/li>\n\n\n\n<li class=\"has-medium-font-size\">Auch platzbedr\u00e4ngte Pflanzen an bessere Standorte zu versetzen ist jetzt der ideale Zeitpunkt.<\/li>\n\n\n\n<li class=\"has-medium-font-size\">alte Himbeerruten entfernen, neue an Draht binden, noch Pf\u00e4hle erg\u00e4nzen, Wurzelsperre vergraben.<\/li>\n\n\n\n<li class=\"has-medium-font-size\">Zus\u00e4tzliche Pf\u00e4hle und Dr\u00e4hte f\u00fcr Himbeeren montieren. (wer w\u00fcrde helfen? bei Cornelia melden)<\/li>\n\n\n\n<li class=\"has-medium-font-size\">Schnittgut vom M\u00e4hen oder Beetabraum f\u00fcr neue Mulchbeete verwenden.<\/li>\n\n\n\n<li class=\"has-medium-font-size\">Allgemein Beeteinfassungen verbessern, WegBretter neu legen, br\u00fcchige ersetzen.<\/li>\n\n\n\n<li class=\"has-medium-font-size\">Erde in Gem\u00fcsebeete aufbessern, \u00fcber Winter dick mulchen oder begr\u00fcnen.<\/li>\n\n\n\n<li class=\"has-medium-font-size\">Schneckenkragen zum Saisonschluss s\u00e4ubern, \u00fcber Winter gut verstauen.<br><\/li>\n<\/ul>\n\n\n\n<p class=\"has-medium-font-size\"><strong>Primus-Samstag Ausblicke<\/strong><br>4. Oktober 10 Uhr neues Mulchbeet anlegen. Mulch f\u00fcr die Beete, welches Material ist f\u00fcr wo geeignet.<br>1. November 10 Uhr Wasser Drainagen richtig anlegen, praktisches Umsetzen(Graben, Kies auff\u00fcllen).<br>6. Dezember 10 Uhr Rosen und empfindliche Geh\u00f6lze einwintern. (mit Cornelia)<\/p>\n\n\n\n<p class=\"has-medium-font-size\"><strong>Wichtige Daten<\/strong><\/p>\n\n\n\n<p class=\"has-medium-font-size\">So 5.Okt 10-15Uhr wird die Jurte von einem privaten Anlass besetzt.<br>Di 7.Okt 19.30 Kerngruppentreffen<br>Sa 18.Okt ab 10Uhr Gemeinsame Gartenarbeit mit Pizza-Mittag<br>So 26.Okt 16.30 Gem\u00fcsegarten-SaisonR\u00fcckschau und erste Planung f\u00fcrs kommende Jahr.<\/p>\n\n\n\n<p class=\"has-medium-font-size\"><strong>Weitere Infos<\/strong><\/p>\n\n\n\n<p class=\"has-medium-font-size\">Die H\u00fclsen an den verbleibenden Stangenbohnen werden von Meret geerntet.<br>Kartoffeln(Stoffsack \u00e0 2,5kg) h\u00e4ngen im Schopf zum Verteilen, lagern bei euch zu Hause.<br>Wenn gr\u00f6ssere Mengen gew\u00fcnscht sind, direkt mit Meret Kontakt aufnehmen.<\/p>\n\n\n\n<p class=\"has-medium-font-size\">Auf ein Wiedersehen im Garten freuen sich Cornelia, Barbara, Evelyn und Peter vom Vorstand<\/p>\n","protected":false},"excerpt":{"rendered":"<p>Farbenfrohe F\u00fclle Die grossz\u00fcgigen Erntem\u00f6glichkeiten halten an. Die w\u00e4rmenden Tage werden k\u00fcrzer, die kaltenN\u00e4chte l\u00e4nger. H\u00f6chste Zeit Frostempfindliches zu ernten, die bunte Vielfallt an eigenem Gem\u00fcsenoch zu geniessen und haltbar&hellip;<\/p>\n","protected":false},"author":2,"featured_media":2132,"comment_status":"open","ping_status":"open","sticky":false,"template":"","format":"standard","meta":{"_siteseo_robots_primary_cat":"none","pagelayer_contact_templates":[],"_pagelayer_content":"","_price":"","_stock":"","_tribe_ticket_header":"","_tribe_default_ticket_provider":"","_tribe_ticket_capacity":"0","_ticket_start_date":"","_ticket_end_date":"","_tribe_ticket_show_description":"","_tribe_ticket_show_not_going":false,"_tribe_ticket_use_global_stock":"","_tribe_ticket_global_stock_level":"","_global_stock_mode":"","_global_stock_cap":"","_tribe_rsvp_for_event":"","_tribe_ticket_going_count":"","_tribe_ticket_not_going_count":"","_tribe_tickets_list":"[]","_tribe_ticket_has_attendee_info_fields":false,"footnotes":""},"categories":[35],"tags":[],"class_list":["post-2126","post","type-post","status-publish","format-standard","has-post-thumbnail","hentry","category-monats-info-blatt"],"_links":{"self":[{"href":"https:\/\/www.gruenerzweig-nw.ch\/neu\/wp-json\/wp\/v2\/posts\/2126","targetHints":{"allow":["GET"]}}],"collection":[{"href":"https:\/\/www.gruenerzweig-nw.ch\/neu\/wp-json\/wp\/v2\/posts"}],"about":[{"href":"https:\/\/www.gruenerzweig-nw.ch\/neu\/wp-json\/wp\/v2\/types\/post"}],"author":[{"embeddable":true,"href":"https:\/\/www.gruenerzweig-nw.ch\/neu\/wp-json\/wp\/v2\/users\/2"}],"replies":[{"embeddable":true,"href":"https:\/\/www.gruenerzweig-nw.ch\/neu\/wp-json\/wp\/v2\/comments?post=2126"}],"version-history":[{"count":5,"href":"https:\/\/www.gruenerzweig-nw.ch\/neu\/wp-json\/wp\/v2\/posts\/2126\/revisions"}],"predecessor-version":[{"id":2355,"href":"https:\/\/www.gruenerzweig-nw.ch\/neu\/wp-json\/wp\/v2\/posts\/2126\/revisions\/2355"}],"wp:featuredmedia":[{"embeddable":true,"href":"https:\/\/www.gruenerzweig-nw.ch\/neu\/wp-json\/wp\/v2\/media\/2132"}],"wp:attachment":[{"href":"https:\/\/www.gruenerzweig-nw.ch\/neu\/wp-json\/wp\/v2\/media?parent=2126"}],"wp:term":[{"taxonomy":"category","embeddable":true,"href":"https:\/\/www.gruenerzweig-nw.ch\/neu\/wp-json\/wp\/v2\/categories?post=2126"},{"taxonomy":"post_tag","embeddable":true,"href":"https:\/\/www.gruenerzweig-nw.ch\/neu\/wp-json\/wp\/v2\/tags?post=2126"}],"curies":[{"name":"wp","href":"https:\/\/api.w.org\/{rel}","templated":true}]}}