{"id":2122,"date":"2025-08-24T06:35:00","date_gmt":"2025-08-24T06:35:00","guid":{"rendered":"https:\/\/www.gruenerzweig-nw.ch\/neu\/?p=2122"},"modified":"2025-10-15T12:59:53","modified_gmt":"2025-10-15T12:59:53","slug":"august-2025","status":"publish","type":"post","link":"https:\/\/www.gruenerzweig-nw.ch\/neu\/2025\/08\/24\/august-2025\/","title":{"rendered":"August 2025"},"content":{"rendered":"\n<p class=\"has-large-font-size\"><strong>Leckeres Wildgem\u00fcse erg\u00e4nzt den Speiseplan<\/strong><\/p>\n\n\n<div class=\"wp-block-image\">\n<figure class=\"alignleft size-large is-resized\"><img loading=\"lazy\" decoding=\"async\" width=\"811\" height=\"1024\" src=\"https:\/\/www.gruenerzweig-nw.ch\/neu\/wp-content\/uploads\/2025\/08\/melde-811x1024.jpg\" alt=\"\" class=\"wp-image-2225\" style=\"width:288px;height:auto\" srcset=\"https:\/\/www.gruenerzweig-nw.ch\/neu\/wp-content\/uploads\/2025\/08\/melde-811x1024.jpg 811w, https:\/\/www.gruenerzweig-nw.ch\/neu\/wp-content\/uploads\/2025\/08\/melde-238x300.jpg 238w, https:\/\/www.gruenerzweig-nw.ch\/neu\/wp-content\/uploads\/2025\/08\/melde-768x969.jpg 768w, https:\/\/www.gruenerzweig-nw.ch\/neu\/wp-content\/uploads\/2025\/08\/melde-1217x1536.jpg 1217w, https:\/\/www.gruenerzweig-nw.ch\/neu\/wp-content\/uploads\/2025\/08\/melde-1622x2048.jpg 1622w, https:\/\/www.gruenerzweig-nw.ch\/neu\/wp-content\/uploads\/2025\/08\/melde-370x467.jpg 370w, https:\/\/www.gruenerzweig-nw.ch\/neu\/wp-content\/uploads\/2025\/08\/melde-760x959.jpg 760w, https:\/\/www.gruenerzweig-nw.ch\/neu\/wp-content\/uploads\/2025\/08\/melde-scaled.jpg 2028w\" sizes=\"auto, (max-width: 811px) 100vw, 811px\" \/><\/figure>\n<\/div>\n\n\n<p><\/p>\n\n\n\n<p class=\"has-medium-font-size\">Nebst den g\u00e4ngigen Gem\u00fcse, die in F\u00fclle gedeihen, gibt es in unserem Garten allerlei Spontanvegetation,<br>die den Speiseplan als leckeres Wildgem\u00fcse erg\u00e4nzen kann. Zwei Beispiele die erntebereit sind, w\u00e4re der hochgewachsene Baumspinat und der Portulak, der als Bodendecker zwischen den<br>Kulturen w\u00e4chst.<\/p>\n\n\n\n<p class=\"has-medium-font-size\"><\/p>\n\n\n\n<p class=\"has-medium-font-size\">Erntereifes Gem\u00fcse Spinat A4 mit Melde und Brennesseln erg\u00e4nzen; Salat A4, mit Portulak und<br>Bl\u00fcten erg\u00e4nzen; gr\u00f6ssere Lauchs A5; R\u00fcebli A2+B4; Lauchzwiebeln !bitte erst im Weg A3\/A4;<br>Broccoli und Blumenkohl A3, Zucchetti +Patisson B2; junge Federkohltriebe unter Bohnen;<br>Stangenbohnen +Gurken t\u00e4glich ablesen, mehrere Reihen im B<br>Kr\u00e4uter\/Blumen: letzten Artemisia Pflanzen bald ernten A+C; weiteres siehe Juli-Infos<\/p>\n\n\n\n<p class=\"has-medium-font-size\"><strong>Wichtige Daten<\/strong><\/p>\n\n\n\n<p>Di 19.30 Kerngruppen-Treffen<br>Sa 9.Aug 15.30-20Uhr Externe Veranstaltung, Lala Kulturatelier von Ilena, Aussenspiele<br>Sa 23.Aug 15.30-20Uhr Externe Veranstaltung, Lala Kulturatelier von Ilena, draussen Kochen<br>Sa 6.Sept Herbstfest (F\u00fcr Eure Unterst\u00fctzung im OK-Team bei Peter melden, Danke)<\/p>\n\n\n\n<p class=\"has-medium-font-size\"><strong>Primus-Samstag Ausblicke<\/strong><br>2.August 9.30 Kompostieren, die wunderbare Transformation. Helen erl\u00e4utert. ca 1h m<br>6.September \u2192 Herbstfest<br>4.Oktober 10Uhr Haltbar machen der Gartensch\u00e4tze, div. M\u00f6glichkeiten kennen lernen und vor Ort gemeinsam umsetzen, was gerade m\u00f6glich ist (f\u00fcr Koordination bei Cornelia anmelden)<\/p>\n\n\n\n<p class=\"has-medium-font-size\"><strong>Arbeiten<\/strong><\/p>\n\n\n\n<ul class=\"wp-block-list\">\n<li class=\"has-medium-font-size\">mit dem Ernten von Essbarem auch gleich kontrollieren: \n<ul class=\"wp-block-list\">\n<li class=\"has-medium-font-size\">Braucht eine Pflanze oder Parzelle dringend Wasser? (einzelne mit Giesskanne \u2192 , mehrere mit Bew\u00e4sserung \u2192 im Chat informieren wo und wie lange Bew\u00e4sserung gelaufen ist)<\/li>\n\n\n\n<li class=\"has-medium-font-size\">Hat es Schnecken unter den Holzbrettern oder an Gem\u00fcsepflanzen?<\/li>\n<\/ul>\n<\/li>\n\n\n\n<li class=\"has-medium-font-size\">Beeteinfassungen verbessern (A1 mit Cornelia); Schneckenz\u00e4une\/Kragen frei j\u00e4ten<\/li>\n\n\n\n<li class=\"has-medium-font-size\">Schnittgut vom M\u00e4hen zum mulchen verwenden, auch Um die Beeren-Str\u00e4ucher und Obst-B\u00e4ume<br><\/li>\n<\/ul>\n\n\n\n<p class=\"has-medium-font-size\"><strong>Weitere Infos<\/strong><\/p>\n\n\n\n<p class=\"has-medium-font-size\">Ein Regenmesser steht neu im A10, Inhalt ausleeren und in Liste Schopf eintragen. Dankesch\u00f6n<\/p>\n\n\n\n<p class=\"has-medium-font-size\">Auf ein Wiedersehen im Garten freuen sich Cornelia, Barbara, Evelyn und Peter vom Vorstand<\/p>\n","protected":false},"excerpt":{"rendered":"<p>Leckeres Wildgem\u00fcse erg\u00e4nzt den Speiseplan Nebst den g\u00e4ngigen Gem\u00fcse, die in F\u00fclle gedeihen, gibt es in unserem Garten allerlei Spontanvegetation,die den Speiseplan als leckeres Wildgem\u00fcse erg\u00e4nzen kann. Zwei Beispiele die&hellip;<\/p>\n","protected":false},"author":2,"featured_media":2226,"comment_status":"open","ping_status":"open","sticky":false,"template":"","format":"standard","meta":{"_siteseo_robots_primary_cat":"none","pagelayer_contact_templates":[],"_pagelayer_content":"","_price":"","_stock":"","_tribe_ticket_header":"","_tribe_default_ticket_provider":"","_tribe_ticket_capacity":"0","_ticket_start_date":"","_ticket_end_date":"","_tribe_ticket_show_description":"","_tribe_ticket_show_not_going":false,"_tribe_ticket_use_global_stock":"","_tribe_ticket_global_stock_level":"","_global_stock_mode":"","_global_stock_cap":"","_tribe_rsvp_for_event":"","_tribe_ticket_going_count":"","_tribe_ticket_not_going_count":"","_tribe_tickets_list":"[]","_tribe_ticket_has_attendee_info_fields":false,"footnotes":""},"categories":[35],"tags":[],"class_list":["post-2122","post","type-post","status-publish","format-standard","has-post-thumbnail","hentry","category-monats-info-blatt"],"_links":{"self":[{"href":"https:\/\/www.gruenerzweig-nw.ch\/neu\/wp-json\/wp\/v2\/posts\/2122","targetHints":{"allow":["GET"]}}],"collection":[{"href":"https:\/\/www.gruenerzweig-nw.ch\/neu\/wp-json\/wp\/v2\/posts"}],"about":[{"href":"https:\/\/www.gruenerzweig-nw.ch\/neu\/wp-json\/wp\/v2\/types\/post"}],"author":[{"embeddable":true,"href":"https:\/\/www.gruenerzweig-nw.ch\/neu\/wp-json\/wp\/v2\/users\/2"}],"replies":[{"embeddable":true,"href":"https:\/\/www.gruenerzweig-nw.ch\/neu\/wp-json\/wp\/v2\/comments?post=2122"}],"version-history":[{"count":5,"href":"https:\/\/www.gruenerzweig-nw.ch\/neu\/wp-json\/wp\/v2\/posts\/2122\/revisions"}],"predecessor-version":[{"id":2230,"href":"https:\/\/www.gruenerzweig-nw.ch\/neu\/wp-json\/wp\/v2\/posts\/2122\/revisions\/2230"}],"wp:featuredmedia":[{"embeddable":true,"href":"https:\/\/www.gruenerzweig-nw.ch\/neu\/wp-json\/wp\/v2\/media\/2226"}],"wp:attachment":[{"href":"https:\/\/www.gruenerzweig-nw.ch\/neu\/wp-json\/wp\/v2\/media?parent=2122"}],"wp:term":[{"taxonomy":"category","embeddable":true,"href":"https:\/\/www.gruenerzweig-nw.ch\/neu\/wp-json\/wp\/v2\/categories?post=2122"},{"taxonomy":"post_tag","embeddable":true,"href":"https:\/\/www.gruenerzweig-nw.ch\/neu\/wp-json\/wp\/v2\/tags?post=2122"}],"curies":[{"name":"wp","href":"https:\/\/api.w.org\/{rel}","templated":true}]}}