{"id":2104,"date":"2025-09-12T07:20:42","date_gmt":"2025-09-12T07:20:42","guid":{"rendered":"https:\/\/www.gruenerzweig-nw.ch\/neu\/?p=2104"},"modified":"2025-12-05T08:37:30","modified_gmt":"2025-12-05T08:37:30","slug":"september-2025","status":"publish","type":"post","link":"https:\/\/www.gruenerzweig-nw.ch\/neu\/2025\/09\/12\/september-2025\/","title":{"rendered":"September 2025"},"content":{"rendered":"\n<p class=\"has-large-font-size\"><strong>Erntefreude in Mandalaform<\/strong><\/p>\n\n\n<div class=\"wp-block-image\">\n<figure class=\"alignleft size-large\"><img loading=\"lazy\" decoding=\"async\" width=\"1024\" height=\"1005\" src=\"https:\/\/www.gruenerzweig-nw.ch\/neu\/wp-content\/uploads\/2025\/09\/Manadala-1024x1005.jpg\" alt=\"\" class=\"wp-image-2111\" srcset=\"https:\/\/www.gruenerzweig-nw.ch\/neu\/wp-content\/uploads\/2025\/09\/Manadala-1024x1005.jpg 1024w, https:\/\/www.gruenerzweig-nw.ch\/neu\/wp-content\/uploads\/2025\/09\/Manadala-300x294.jpg 300w, https:\/\/www.gruenerzweig-nw.ch\/neu\/wp-content\/uploads\/2025\/09\/Manadala-768x754.jpg 768w, https:\/\/www.gruenerzweig-nw.ch\/neu\/wp-content\/uploads\/2025\/09\/Manadala-1536x1507.jpg 1536w, https:\/\/www.gruenerzweig-nw.ch\/neu\/wp-content\/uploads\/2025\/09\/Manadala-2048x2009.jpg 2048w, https:\/\/www.gruenerzweig-nw.ch\/neu\/wp-content\/uploads\/2025\/09\/Manadala-370x363.jpg 370w, https:\/\/www.gruenerzweig-nw.ch\/neu\/wp-content\/uploads\/2025\/09\/Manadala-760x746.jpg 760w\" sizes=\"auto, (max-width: 1024px) 100vw, 1024px\" \/><\/figure>\n<\/div>\n\n\n<p><\/p>\n\n\n\n<p class=\"has-medium-font-size\">Es lohnt sich einen Korb mitzunehmen beim Streifzug durch die Gem\u00fcse Parzellen. In jeder Reihe wartet Schmackhaftes zum Ernten, zum frisch geniessen oder weiterverarbeiten. Ein Teil der F\u00fclle einmachen f\u00fcr die vegetations\u00e4rmere Jahreszeit ist jetzt top aktuell! <\/p>\n\n\n\n<p><\/p>\n\n\n\n<p class=\"has-medium-font-size\"><br>Spezieller Hinweis auf erntereifes Gem\u00fcse: junge Kohlbl\u00e4tter von verschiedenen Sorten, in div Reihen Gelbe Himbeeren(hintere Beeren-Str\u00e4ucher);Brombeeren(grosse Hecke unten); Mirabellen(am Zaun oberhalb Begegnungszone); K\u00fcrbisschnitze im K\u00fchlschrank ; Kartoffeln (geerntete unter Vlies im Schopf); Hopfenzapfen am Totbaum (Achtung Hornissennest im Stamm);<\/p>\n\n\n\n<p class=\"has-medium-font-size\"><strong>Wichtiger Hinweis zum Samstag, 6. September<\/strong><br>Das Herbstfest wurde in ein Erntedank-Genusstreffen umgewandelt!!!<br>Ablauf: Vormittags gemeinsames ernten und kochen auf dem Feuer, Mittagessen 13Uhr,<br>nachmittags Zwiebelz\u00f6pfe flechten, Gartenrundgang mit Dankbarkeit und Freude \u00fcber die F\u00fclle<\/p>\n\n\n\n<p class=\"has-medium-font-size\"><strong>Primus-Samstag Ausblicke<\/strong><br>4. Oktober, 10 Uhr: neues Mulchbeet anlegen; Mulch f\u00fcr die Beete, welches Material ist f\u00fcr wo geeignet.<br>1. November, 10 Uhr: Offen f\u00fcr W\u00fcnsche<br>6. Dezember, 10 Uhr: Rosen und empfindliche Geh\u00f6lze einwintern. (mit Cornelia)<\/p>\n\n\n\n<p class=\"has-medium-font-size\"><strong>Arbeiten<\/strong><\/p>\n\n\n\n<ul class=\"wp-block-list\">\n<li class=\"has-medium-font-size\">junge Setzlinge morgens w\u00e4ssern und Schnecken in der N\u00e4he entfernen.<\/li>\n\n\n\n<li class=\"has-medium-font-size\">allgemein Schnecken unter den Holzbrettern einsammeln. Schneckenz\u00e4une\/Kragen frei j\u00e4ten.<\/li>\n\n\n\n<li class=\"has-medium-font-size\">das Kr\u00e4uterRondel (unten) pflegen, Stauden dezimieren, verpflanzen.<\/li>\n\n\n\n<li class=\"has-medium-font-size\">alte Himbeerruten entfernen, neue an Draht binden, noch Pf\u00e4hle erg\u00e4nzen, Wurzelsperre vergraben.<\/li>\n\n\n\n<li class=\"has-medium-font-size\">Beeteinfassungen A1 verbessern, zus\u00e4tzliche Dr\u00e4hte f\u00fcr Himbeeren montieren. ( mit Cornelia)<\/li>\n\n\n\n<li class=\"has-medium-font-size\">Schnittgut vom M\u00e4hen zum mulchen verwenden, auch um die Beeren-Str\u00e4ucher und Obst-B\u00e4ume.<br><\/li>\n<\/ul>\n\n\n\n<p class=\"has-medium-font-size\"><strong>Weitere Infos<\/strong><\/p>\n\n\n\n<p class=\"has-medium-font-size\"><strong>Pizzaofen<\/strong>: Das Dach wird vom Infrastukturteam neu erstellt, danach kann der Ofen mit neuem<br>Lehm abgedichtet und mit einem Kalkputz versehen werden. Das Team informiert im Chat, wann und wie sie gerne Unterst\u00fctzung h\u00e4tten.<br><strong>KompoToi<\/strong>: wir freuen uns \u00fcber die tolle Umsetzung und die jetzt verf\u00fcgbare Toilette. F\u00fcr M\u00e4nner gibt\u2019s ein Pissoir, beim sitzen darf alles in einen Beh\u00e4lter, inkl. Papier. Dieser Feststoff-Beh\u00e4lter reicht f\u00fcr ca. 500 Benutzungen, danach wird das Material kompostiert(separat vom Gartenkompost). Um die optimale Vorgehensweise zu definieren sollte sich ein Arbeitsteam bilden. Interessierte bitte melden.<\/p>\n\n\n\n<p class=\"has-medium-font-size\">Auf ein Wiedersehen im Garten freuen sich Cornelia, Barbara, Evelyn und Peter vom Vorstand<\/p>\n\n\n\n<p><\/p>\n","protected":false},"excerpt":{"rendered":"<p>Erntefreude in Mandalaform Es lohnt sich einen Korb mitzunehmen beim Streifzug durch die Gem\u00fcse Parzellen. In jeder Reihe wartet Schmackhaftes zum Ernten, zum frisch geniessen oder weiterverarbeiten. Ein Teil der&hellip;<\/p>\n","protected":false},"author":2,"featured_media":2097,"comment_status":"open","ping_status":"open","sticky":false,"template":"","format":"standard","meta":{"_siteseo_robots_primary_cat":"35","pagelayer_contact_templates":[],"_pagelayer_content":"","_price":"","_stock":"","_tribe_ticket_header":"","_tribe_default_ticket_provider":"","_tribe_ticket_capacity":"0","_ticket_start_date":"","_ticket_end_date":"","_tribe_ticket_show_description":"","_tribe_ticket_show_not_going":false,"_tribe_ticket_use_global_stock":"","_tribe_ticket_global_stock_level":"","_global_stock_mode":"","_global_stock_cap":"","_tribe_rsvp_for_event":"","_tribe_ticket_going_count":"","_tribe_ticket_not_going_count":"","_tribe_tickets_list":"[]","_tribe_ticket_has_attendee_info_fields":false,"footnotes":""},"categories":[35],"tags":[],"class_list":["post-2104","post","type-post","status-publish","format-standard","has-post-thumbnail","hentry","category-monats-info-blatt"],"_links":{"self":[{"href":"https:\/\/www.gruenerzweig-nw.ch\/neu\/wp-json\/wp\/v2\/posts\/2104","targetHints":{"allow":["GET"]}}],"collection":[{"href":"https:\/\/www.gruenerzweig-nw.ch\/neu\/wp-json\/wp\/v2\/posts"}],"about":[{"href":"https:\/\/www.gruenerzweig-nw.ch\/neu\/wp-json\/wp\/v2\/types\/post"}],"author":[{"embeddable":true,"href":"https:\/\/www.gruenerzweig-nw.ch\/neu\/wp-json\/wp\/v2\/users\/2"}],"replies":[{"embeddable":true,"href":"https:\/\/www.gruenerzweig-nw.ch\/neu\/wp-json\/wp\/v2\/comments?post=2104"}],"version-history":[{"count":8,"href":"https:\/\/www.gruenerzweig-nw.ch\/neu\/wp-json\/wp\/v2\/posts\/2104\/revisions"}],"predecessor-version":[{"id":2356,"href":"https:\/\/www.gruenerzweig-nw.ch\/neu\/wp-json\/wp\/v2\/posts\/2104\/revisions\/2356"}],"wp:featuredmedia":[{"embeddable":true,"href":"https:\/\/www.gruenerzweig-nw.ch\/neu\/wp-json\/wp\/v2\/media\/2097"}],"wp:attachment":[{"href":"https:\/\/www.gruenerzweig-nw.ch\/neu\/wp-json\/wp\/v2\/media?parent=2104"}],"wp:term":[{"taxonomy":"category","embeddable":true,"href":"https:\/\/www.gruenerzweig-nw.ch\/neu\/wp-json\/wp\/v2\/categories?post=2104"},{"taxonomy":"post_tag","embeddable":true,"href":"https:\/\/www.gruenerzweig-nw.ch\/neu\/wp-json\/wp\/v2\/tags?post=2104"}],"curies":[{"name":"wp","href":"https:\/\/api.w.org\/{rel}","templated":true}]}}